{"id":3208,"date":"2021-11-10T15:49:25","date_gmt":"2021-11-10T18:49:25","guid":{"rendered":"https:\/\/formacaoemmovimento.org.br\/?p=3208"},"modified":"2023-04-12T14:28:51","modified_gmt":"2023-04-12T17:28:51","slug":"aula-n-1-revolucao-nos-dias-de-hoje","status":"publish","type":"post","link":"https:\/\/formacaoemmovimento.org.br\/?p=3208","title":{"rendered":"AULA N 1 | REVOLU\u00c7\u00c3O NOS DIAS DE HOJE?"},"content":{"rendered":"\n<div class=\"aligncenter wp-block-ugb-container ugb-container ugb-9eef5fb ugb-container--v2 ugb-container--design-plain ugb-main-block\"><style>.ugb-9eef5fb-wrapper > .ugb-container__side{padding-top:35px !important;padding-bottom:35px !important}.ugb-9eef5fb-wrapper.ugb-container__wrapper{padding-top:0 !important;padding-bottom:0 !important}.ugb-9eef5fb .ugb-inner-block{text-align:left}<\/style><div class=\"ugb-inner-block\"><div class=\"ugb-block-content\"><div class=\"ugb-container__wrapper ugb-9eef5fb-wrapper\"><div class=\"ugb-container__side\"><div class=\"ugb-container__content-wrapper ugb-9eef5fb-content-wrapper\">\n<div class=\"wp-block-ugb-heading ugb-heading ugb-d8c678b ugb-main-block\"><div class=\"ugb-inner-block\"><div class=\"ugb-block-content\"><h2 class=\"ugb-heading__title\">aula 1 | REVOLU\u00c7\u00c3O NOS DIAS DE HOJE?<\/h2><\/div><\/div><\/div>\n\n\n\n<div class=\"wp-block-ugb-heading alignwide ugb-heading ugb-54cbf28 ugb-main-block\"><style>.ugb-54cbf28 .ugb-heading__title{color:var(--theme-palette-color-3,#915656);font-family:\"Anton\",Sans-serif !important;font-size:22px !important;font-weight:700 !important}<\/style><div class=\"ugb-inner-block\"><div class=\"ugb-block-content\"><h3 class=\"ugb-heading__title\"><br>Estudaremos aqui:<\/h3><\/div><\/div><\/div>\n\n\n\n<div class=\"aligncenter wp-block-ugb-icon-list ugb-icon-list ugb-732f6b1 ugb-icon-list--v2 ugb-main-block\"><style>.ugb-732f6b1 li{font-family:\"Roboto\",Sans-serif !important;font-size:19px !important;font-weight:400 !important;color:#030303}.ugb-732f6b1 li::before{background-image:url('data:image\/svg+xml;base64,PHN2ZyBkYXRhLXByZWZpeD0iZmFzIiBkYXRhLWljb249InNxdWFyZSIgY2xhc3M9InN2Zy1pbmxpbmUtLWZhIGZhLXNxdWFyZSBmYS13LTE0IiByb2xlPSJpbWciIHhtbG5zPSJodHRwOi8vd3d3LnczLm9yZy8yMDAwL3N2ZyIgdmlld0JveD0iMCAwIDQ0OCA1MTIiIHN0eWxlPSJmaWxsOiAjMDAwMDAwICFpbXBvcnRhbnQ7IGNvbG9yOiAjMDAwMDAwICFpbXBvcnRhbnQiPjxwYXRoIGZpbGw9IiMwMDAwMDAiIGQ9Ik00MDAgMzJINDhDMjEuNSAzMiAwIDUzLjUgMCA4MHYzNTJjMCAyNi41IDIxLjUgNDggNDggNDhoMzUyYzI2LjUgMCA0OC0yMS41IDQ4LTQ4VjgwYzAtMjYuNS0yMS41LTQ4LTQ4LTQ4eiIgc3Ryb2tlPSIjMDAwMDAwIiBzdHlsZT0iZmlsbDogcmdiKDAsIDAsIDApOyBzdHJva2U6IHJnYigwLCAwLCAwKTsiLz48L3N2Zz4=')}.ugb-732f6b1.ugb-icon-list ul{columns:1}.ugb-732f6b1 .ugb-inner-block{text-align:left}<\/style><div class=\"ugb-inner-block\"><div class=\"ugb-block-content\"><ul><li>Vivemos atualmente, um mundo em que governos de extrema direita, com as piores caracter\u00edsticas poss\u00edveis &#8211; racistas, homof\u00f3bicos, machistas &#8211; comandam muitos pa\u00edses em todos os continentes. Nesse mundo em que reina s\u00f3lo o sistema capitalista que produz cada vez mais mis\u00e9rias e destrui\u00e7\u00e3o e que levou a humanidade a uma crise ambiental, econ\u00f4mica, social e sanit\u00e1ria sem precedentes na hist\u00f3ria, n\u00f3s nos perguntamos:&nbsp;<strong>&#8220;\u00e9 poss\u00edvel pensar em revolu\u00e7\u00e3o nos dias de hoje?&#8221;<\/strong>&nbsp;Para fazer uma Revolu\u00e7\u00e3o n\u00e3o basta a vontade dos mais bem intencionados movimentos revolucion\u00e1rios, \u00e9 preciso entender esse fen\u00f4meno social vulc\u00e2nico da f\u00faria das classes populares, a eleva\u00e7\u00e3o da intensidade da Lutas de Classes, n\u00e3o como insurrei\u00e7\u00e3o mas como processos.&nbsp;<\/li><\/ul><\/div><\/div><\/div>\n\n\n\n<div class=\"wp-block-ugb-heading ugb-heading ugb-251e14d ugb-main-block\"><style>.ugb-251e14d .ugb-heading__title{color:var(--theme-palette-color-3,#915656);font-family:\"Anton\",Sans-serif !important;font-size:22px !important}<\/style><div class=\"ugb-inner-block\"><div class=\"ugb-block-content\"><h3 class=\"ugb-heading__title\">Educadores<\/h3><p class=\"ugb-heading__subtitle\">Com a presen\u00e7a de Vanessa Aguiar Borges (MST)  e Jitman Vibranovisk (Militantes em Cena).<\/p><\/div><\/div><\/div>\n\n\n\n<p><\/p>\n\n\n\n<div class=\"wp-block-ugb-heading alignwide ugb-heading ugb-ba31b79 ugb-main-block\"><style>.ugb-ba31b79 .ugb-heading__title{color:var(--theme-palette-color-3,#915656);font-family:\"Anton\",Sans-serif !important;font-size:21px !important;font-weight:700 !important}<\/style><div class=\"ugb-inner-block\"><div class=\"ugb-block-content\"><h3 class=\"ugb-heading__title\"><br>Material de apoio:<\/h3><\/div><\/div><\/div>\n\n\n\n<div class=\"wp-block-ugb-columns ugb-columns ugb-e9e63ec ugb-columns--design-plain ugb-columns--columns-2 ugb-main-block\"><div class=\"ugb-inner-block\"><div class=\"ugb-block-content\"><div class=\"ugb-columns__item ugb-e9e63ec-content-wrapper\">\n<div class=\"wp-block-ugb-column ugb-column ugb-1e78b8b ugb-column--design-plain ugb-main-block\"><div class=\"ugb-inner-block\"><div class=\"ugb-block-content\"><div class=\"ugb-column__item ugb-1e78b8b-column-wrapper\"><div class=\"ugb-column__content-wrapper\">\n<div class=\"wp-block-ugb-video-popup ugb-video-popup ugb-dfd41f0 ugb-video-popup--v3 ugb-main-block\"><style>.ugb-dfd41f0 .ugb-video-popup__wrapper{background-color:var(--theme-palette-color-2,#770000);background-image:url(https:\/\/formacaoemmovimento.org.br\/wp-content\/uploads\/2021\/10\/bitmap.png)}.ugb-dfd41f0 .ugb-video-popup__wrapper:before{background-color:var(--theme-palette-color-2,#770000);opacity:0.5}.ugb-dfd41f0 .ugb-video-popup__wrapper:hover:before{opacity:0.2}<\/style><div class=\"ugb-inner-block\"><div class=\"ugb-block-content\"><div class=\"ugb-video-popup__wrapper ugb--has-background-overlay\" data-video=\"\"><button class=\"ugb-video-popup__overlay\" aria-label=\"Play\"><span class=\"ugb-video-popup__play-button\"><svg xmlns=\"http:\/\/www.w3.org\/2000\/svg\" viewBox=\"0 0 256 320\" class=\"ugb-play-button-normal\" width=\"30\" height=\"30\"><path d=\"M0 0v320l256-160L0 0z\"><\/path><\/svg><\/span><\/button><\/div><\/div><\/div><\/div>\n\n\n\n<div class=\"wp-block-ugb-heading ugb-heading ugb-fc63f52 ugb-main-block\"><style>.ugb-fc63f52 .ugb-heading__title{color:var(--theme-palette-color-3,#915656)}<\/style><div class=\"ugb-inner-block\"><div class=\"ugb-block-content\"><h4 class=\"ugb-heading__title\">Aula 1<\/h4><p class=\"ugb-heading__subtitle\">Escola da Juventude Oziel Alvez &#8211; Aula 1.1: Revolu\u00e7\u00e3o nos dias de hoje?<\/p><\/div><\/div><\/div>\n<\/div><\/div><\/div><\/div><\/div>\n\n\n\n<div class=\"wp-block-ugb-column ugb-column ugb-bc2a291 ugb-column--design-plain ugb-main-block\"><div class=\"ugb-inner-block\"><div class=\"ugb-block-content\"><div class=\"ugb-column__item ugb-bc2a291-column-wrapper\"><div class=\"ugb-column__content-wrapper\">\n<div class=\"wp-block-ugb-video-popup ugb-video-popup ugb-6d30ae8 ugb-video-popup--v3 ugb-main-block\"><style>.ugb-6d30ae8 .ugb-video-popup__wrapper{background-color:var(--theme-palette-color-2,#770000);background-image:url(https:\/\/formacaoemmovimento.org.br\/wp-content\/uploads\/2021\/10\/bitmap.png)}.ugb-6d30ae8 .ugb-video-popup__wrapper:before{background-color:var(--theme-palette-color-2,#770000);opacity:0.5}.ugb-6d30ae8 .ugb-video-popup__wrapper:hover:before{opacity:0.2}<\/style><div class=\"ugb-inner-block\"><div class=\"ugb-block-content\"><div class=\"ugb-video-popup__wrapper ugb--has-background-overlay\" data-video=\"\"><button class=\"ugb-video-popup__overlay\" aria-label=\"Play\"><span class=\"ugb-video-popup__play-button\"><svg xmlns=\"http:\/\/www.w3.org\/2000\/svg\" viewBox=\"0 0 256 320\" class=\"ugb-play-button-normal\" width=\"30\" height=\"30\"><path d=\"M0 0v320l256-160L0 0z\"><\/path><\/svg><\/span><\/button><\/div><\/div><\/div><\/div>\n\n\n\n<div class=\"wp-block-ugb-heading ugb-heading ugb-01f0d52 ugb-main-block\"><style>.ugb-01f0d52 .ugb-heading__title{color:var(--theme-palette-color-3,#915656)}<\/style><div class=\"ugb-inner-block\"><div class=\"ugb-block-content\"><h4 class=\"ugb-heading__title\">Aula 2<\/h4><p class=\"ugb-heading__subtitle\">Escola da Juventude Oziel Alvez &#8211; Aula 1.2: Revolu\u00e7\u00e3o nos dias de hoje?<\/p><\/div><\/div><\/div>\n<\/div><\/div><\/div><\/div><\/div>\n<\/div><\/div><\/div><\/div>\n\n\n\n<div class=\"wp-block-ugb-columns ugb-columns ugb-f02e45c ugb-columns--design-plain ugb-columns--columns-2 ugb-main-block\"><div class=\"ugb-inner-block\"><div class=\"ugb-block-content\"><div class=\"ugb-columns__item ugb-f02e45c-content-wrapper\">\n<div class=\"wp-block-ugb-column ugb-column ugb-4b0eca2 ugb-column--design-plain ugb-main-block\"><div class=\"ugb-inner-block\"><div class=\"ugb-block-content\"><div class=\"ugb-column__item ugb-4b0eca2-column-wrapper\"><div class=\"ugb-column__content-wrapper\">\n<div class=\"wp-block-ugb-icon-list ugb-icon-list ugb-1e09366 ugb-icon-list--v2 ugb-main-block\"><style>.ugb-1e09366 li{font-family:\"Roboto\",Sans-serif !important;font-size:19px !important}.ugb-1e09366 li::before{background-image:url('data:image\/svg+xml;base64,PHN2ZyBkYXRhLXByZWZpeD0iZmFyIiBkYXRhLWljb249ImZpbGUtYWx0IiBjbGFzcz0ic3ZnLWlubGluZS0tZmEgZmEtZmlsZS1hbHQgZmEtdy0xMiIgcm9sZT0iaW1nIiB4bWxucz0iaHR0cDovL3d3dy53My5vcmcvMjAwMC9zdmciIHZpZXdCb3g9IjAgMCAzODQgNTEyIiBzdHlsZT0iZmlsbDogIzkxNTY1NiAhaW1wb3J0YW50OyBjb2xvcjogIzkxNTY1NiAhaW1wb3J0YW50Ij48cGF0aCBmaWxsPSIjOTE1NjU2IiBkPSJNMjg4IDI0OHYyOGMwIDYuNi01LjQgMTItMTIgMTJIMTA4Yy02LjYgMC0xMi01LjQtMTItMTJ2LTI4YzAtNi42IDUuNC0xMiAxMi0xMmgxNjhjNi42IDAgMTIgNS40IDEyIDEyem0tMTIgNzJIMTA4Yy02LjYgMC0xMiA1LjQtMTIgMTJ2MjhjMCA2LjYgNS40IDEyIDEyIDEyaDE2OGM2LjYgMCAxMi01LjQgMTItMTJ2LTI4YzAtNi42LTUuNC0xMi0xMi0xMnptMTA4LTE4OC4xVjQ2NGMwIDI2LjUtMjEuNSA0OC00OCA0OEg0OGMtMjYuNSAwLTQ4LTIxLjUtNDgtNDhWNDhDMCAyMS41IDIxLjUgMCA0OCAwaDIwNC4xQzI2NC44IDAgMjc3IDUuMSAyODYgMTQuMUwzNjkuOSA5OGM5IDguOSAxNC4xIDIxLjIgMTQuMSAzMy45em0tMTI4LTgwVjEyOGg3Ni4xTDI1NiA1MS45ek0zMzYgNDY0VjE3NkgyMzJjLTEzLjMgMC0yNC0xMC43LTI0LTI0VjQ4SDQ4djQxNmgyODh6IiBzdHJva2U9IiM5MTU2NTYiIHN0eWxlPSJmaWxsOiByZ2IoMTQ1LCA4NiwgODYpOyBzdHJva2U6IHJnYigxNDUsIDg2LCA4Nik7Ii8+PC9zdmc+')}.ugb-1e09366.ugb-icon-list ul{columns:1}<\/style><div class=\"ugb-inner-block\"><div class=\"ugb-block-content\"><ul><li><strong><a href=\"https:\/\/drive.google.com\/file\/d\/16bSD3Ib-a-xBQrANvYyYHJ2unIfr595J\/view\">\u201cO que \u00e9 uma Revolu\u00e7\u00e3o\u201d Val\u00e9rio Arcary<\/a><\/strong><\/li><\/ul><\/div><\/div><\/div>\n\n\n\n<figure class=\"wp-block-image size-full is-resized\"><img loading=\"lazy\" decoding=\"async\" src=\"https:\/\/formacaoemmovimento.org.br\/wp-content\/uploads\/2021\/11\/WhatsApp-Image-2021-11-10-at-15.56.29.jpeg\" alt=\"\" class=\"wp-image-3215\" width=\"331\" height=\"271\" srcset=\"https:\/\/formacaoemmovimento.org.br\/wp-content\/uploads\/2021\/11\/WhatsApp-Image-2021-11-10-at-15.56.29.jpeg 479w, https:\/\/formacaoemmovimento.org.br\/wp-content\/uploads\/2021\/11\/WhatsApp-Image-2021-11-10-at-15.56.29-300x246.jpeg 300w\" sizes=\"auto, (max-width: 331px) 100vw, 331px\" \/><\/figure>\n<\/div><\/div><\/div><\/div><\/div>\n\n\n\n<div class=\"wp-block-ugb-column ugb-column ugb-600a82e ugb-column--design-plain ugb-main-block\"><div class=\"ugb-inner-block\"><div class=\"ugb-block-content\"><div class=\"ugb-column__item ugb-600a82e-column-wrapper\"><div class=\"ugb-column__content-wrapper\">\n<div class=\"wp-block-ugb-icon-list ugb-icon-list ugb-2450946 ugb-icon-list--v2 ugb-main-block\"><style>.ugb-2450946 li{font-family:\"Roboto\",Sans-serif !important;font-size:19px !important}.ugb-2450946 li::before{background-image:url('data:image\/svg+xml;base64,PHN2ZyBkYXRhLXByZWZpeD0iZmFyIiBkYXRhLWljb249ImZpbGUtYWx0IiBjbGFzcz0ic3ZnLWlubGluZS0tZmEgZmEtZmlsZS1hbHQgZmEtdy0xMiIgcm9sZT0iaW1nIiB4bWxucz0iaHR0cDovL3d3dy53My5vcmcvMjAwMC9zdmciIHZpZXdCb3g9IjAgMCAzODQgNTEyIiBzdHlsZT0iZmlsbDogIzkxNTY1NiAhaW1wb3J0YW50OyBjb2xvcjogIzkxNTY1NiAhaW1wb3J0YW50Ij48cGF0aCBmaWxsPSIjOTE1NjU2IiBkPSJNMjg4IDI0OHYyOGMwIDYuNi01LjQgMTItMTIgMTJIMTA4Yy02LjYgMC0xMi01LjQtMTItMTJ2LTI4YzAtNi42IDUuNC0xMiAxMi0xMmgxNjhjNi42IDAgMTIgNS40IDEyIDEyem0tMTIgNzJIMTA4Yy02LjYgMC0xMiA1LjQtMTIgMTJ2MjhjMCA2LjYgNS40IDEyIDEyIDEyaDE2OGM2LjYgMCAxMi01LjQgMTItMTJ2LTI4YzAtNi42LTUuNC0xMi0xMi0xMnptMTA4LTE4OC4xVjQ2NGMwIDI2LjUtMjEuNSA0OC00OCA0OEg0OGMtMjYuNSAwLTQ4LTIxLjUtNDgtNDhWNDhDMCAyMS41IDIxLjUgMCA0OCAwaDIwNC4xQzI2NC44IDAgMjc3IDUuMSAyODYgMTQuMUwzNjkuOSA5OGM5IDguOSAxNC4xIDIxLjIgMTQuMSAzMy45em0tMTI4LTgwVjEyOGg3Ni4xTDI1NiA1MS45ek0zMzYgNDY0VjE3NkgyMzJjLTEzLjMgMC0yNC0xMC43LTI0LTI0VjQ4SDQ4djQxNmgyODh6IiBzdHJva2U9IiM5MTU2NTYiIHN0eWxlPSJmaWxsOiByZ2IoMTQ1LCA4NiwgODYpOyBzdHJva2U6IHJnYigxNDUsIDg2LCA4Nik7Ii8+PC9zdmc+')}.ugb-2450946.ugb-icon-list ul{columns:1}<\/style><div class=\"ugb-inner-block\"><div class=\"ugb-block-content\"><ul><li><strong><a href=\"https:\/\/drive.google.com\/file\/d\/1ghRcHtMogeNpRvjLPNc9Cm-vNncWfYHn\/view\">Fanzine \u201cAfinal, o que \u00e9 Revolu\u00e7\u00e3o\u201d<\/a><\/strong><\/li><\/ul><\/div><\/div><\/div>\n\n\n\n<figure class=\"wp-block-image size-full is-resized\"><img loading=\"lazy\" decoding=\"async\" src=\"https:\/\/formacaoemmovimento.org.br\/wp-content\/uploads\/2021\/11\/WhatsApp-Image-2021-11-10-at-15.58.37.jpeg\" alt=\"\" class=\"wp-image-3216\" width=\"319\" height=\"272\" srcset=\"https:\/\/formacaoemmovimento.org.br\/wp-content\/uploads\/2021\/11\/WhatsApp-Image-2021-11-10-at-15.58.37.jpeg 517w, https:\/\/formacaoemmovimento.org.br\/wp-content\/uploads\/2021\/11\/WhatsApp-Image-2021-11-10-at-15.58.37-300x256.jpeg 300w\" sizes=\"auto, (max-width: 319px) 100vw, 319px\" \/><\/figure>\n<\/div><\/div><\/div><\/div><\/div>\n<\/div><\/div><\/div><\/div>\n\n\n\n<div class=\"wp-block-ugb-heading ugb-heading ugb-0081997 ugb-main-block\"><style>.ugb-0081997 .ugb-heading__title{color:var(--theme-palette-color-3,#915656);font-family:\"Anton\",Sans-serif !important;font-size:21px !important}<\/style><div class=\"ugb-inner-block\"><div class=\"ugb-block-content\"><h3 class=\"ugb-heading__title\"><strong>Sugest\u00e3o de audiovisual<\/strong><\/h3><\/div><\/div><\/div>\n\n\n\n<div class=\"wp-block-ugb-icon-list ugb-icon-list ugb-1e31da5 ugb-icon-list--v2 ugb-main-block\"><style>.ugb-1e31da5 li{font-family:\"Roboto\",Sans-serif !important;font-size:19px !important;color:var(--theme-palette-color-6,#000000);--icon-size:43px !important}.ugb-1e31da5 li::before{width:43px !important;height:43px !important;background-image:url('data:image\/svg+xml;base64,PHN2ZyBkYXRhLXByZWZpeD0iZmFiIiBkYXRhLWljb249InlvdXR1YmUiIGNsYXNzPSJzdmctaW5saW5lLS1mYSBmYS15b3V0dWJlIGZhLXctMTgiIHJvbGU9ImltZyIgeG1sbnM9Imh0dHA6Ly93d3cudzMub3JnLzIwMDAvc3ZnIiB2aWV3Qm94PSIwIDAgNTc2IDUxMiIgc3R5bGU9ImZpbGw6ICNkODA5MDkgIWltcG9ydGFudDsgY29sb3I6ICNkODA5MDkgIWltcG9ydGFudCI+PHBhdGggZmlsbD0iI2Q4MDkwOSIgZD0iTTU0OS42NTUgMTI0LjA4M2MtNi4yODEtMjMuNjUtMjQuNzg3LTQyLjI3Ni00OC4yODQtNDguNTk3QzQ1OC43ODEgNjQgMjg4IDY0IDI4OCA2NFMxMTcuMjIgNjQgNzQuNjI5IDc1LjQ4NmMtMjMuNDk3IDYuMzIyLTQyLjAwMyAyNC45NDctNDguMjg0IDQ4LjU5Ny0xMS40MTIgNDIuODY3LTExLjQxMiAxMzIuMzA1LTExLjQxMiAxMzIuMzA1czAgODkuNDM4IDExLjQxMiAxMzIuMzA1YzYuMjgxIDIzLjY1IDI0Ljc4NyA0MS41IDQ4LjI4NCA0Ny44MjFDMTE3LjIyIDQ0OCAyODggNDQ4IDI4OCA0NDhzMTcwLjc4IDAgMjEzLjM3MS0xMS40ODZjMjMuNDk3LTYuMzIxIDQyLjAwMy0yNC4xNzEgNDguMjg0LTQ3LjgyMSAxMS40MTItNDIuODY3IDExLjQxMi0xMzIuMzA1IDExLjQxMi0xMzIuMzA1czAtODkuNDM4LTExLjQxMi0xMzIuMzA1em0tMzE3LjUxIDIxMy41MDhWMTc1LjE4NWwxNDIuNzM5IDgxLjIwNS0xNDIuNzM5IDgxLjIwMXoiIHN0cm9rZT0iI2Q4MDkwOSIgc3R5bGU9ImZpbGw6IHJnYigyMTYsIDksIDkpOyBzdHJva2U6IHJnYigyMTYsIDksIDkpOyIvPjwvc3ZnPg==')}.ugb-1e31da5.ugb-icon-list ul{columns:1}<\/style><div class=\"ugb-inner-block\"><div class=\"ugb-block-content\"><ul><li><strong>\u201c<\/strong><strong style=\"font-weight: bold;\">O futuro de Trabalho\u201d Tempero Drag, Rita Vonn.<\/strong><\/li><li><strong>S\u00e9rie argentina canal Encuentro: \u201cRevolu\u00e7\u00f5es por todo o mundo\u201d<\/strong><\/li><\/ul><\/div><\/div><\/div>\n\n\n\n<div class=\"alignfull wp-block-ugb-button ugb-button-wrapper ugb-de17e43 ugb-button--design-spread ugb-main-block\"><style>.ugb-de17e43 .ugb-button1 .ugb-button--inner{font-family:\"Antic\",Sans-serif !important}.ugb-de17e43 .ugb-button1{background-color:#9b0606;padding-right:51px;padding-left:51px}.ugb-de17e43 .ugb-button1 .ugb-button--inner,.ugb-de17e43 .ugb-button1 svg:not(.ugb-custom-icon){color:var(--theme-palette-color-7,#f8f9fb) !important}.ugb-de17e43 .ugb-button2 .ugb-button--inner{font-family:\"Antic\",Sans-serif !important}.ugb-de17e43 .ugb-button2{background-color:#9b0606}.ugb-de17e43 .ugb-button2 .ugb-button--inner,.ugb-de17e43 .ugb-button2 svg:not(.ugb-custom-icon){color:var(--theme-palette-color-7,#f8f9fb) !important}<\/style><div class=\"ugb-inner-block\"><div class=\"ugb-block-content\"><div class=\"ugb-button-container\"><a class=\"ugb-button1 ugb-button ugb-button--size-normal ugb-button--has-icon\" href=\"https:\/\/formacaoemmovimento.org.br\/?page_id=3203&amp;preview_id=3203&amp;preview_nonce=b50c6a0445&amp;preview=true&amp;_thumbnail_id=3688\" rel=\"\" title=\"\"><div class=\"ugb-icon-inner-svg\"><svg data-prefix=\"fas\" data-icon=\"arrow-left\" class=\"svg-inline--fa fa-arrow-left fa-w-14\" role=\"img\" xmlns=\"http:\/\/www.w3.org\/2000\/svg\" viewBox=\"0 0 448 512\"><path fill=\"currentColor\" d=\"M257.5 445.1l-22.2 22.2c-9.4 9.4-24.6 9.4-33.9 0L7 273c-9.4-9.4-9.4-24.6 0-33.9L201.4 44.7c9.4-9.4 24.6-9.4 33.9 0l22.2 22.2c9.5 9.5 9.3 25-.4 34.3L136.6 216H424c13.3 0 24 10.7 24 24v32c0 13.3-10.7 24-24 24H136.6l120.5 114.8c9.8 9.3 10 24.8.4 34.3z\"><\/path><\/svg><\/div><span class=\"ugb-button--inner\">aula anterior<\/span><\/a><\/div><div class=\"ugb-button-container\"><a class=\"ugb-button2 ugb-button ugb-button--size-normal ugb-button--has-icon ugb-button--icon-position-right\" href=\"https:\/\/formacaoemmovimento.org.br\/?p=3218\" rel=\"\" title=\"\"><div class=\"ugb-icon-inner-svg\"><svg data-prefix=\"fas\" data-icon=\"arrow-right\" class=\"svg-inline--fa fa-arrow-right fa-w-14\" role=\"img\" xmlns=\"http:\/\/www.w3.org\/2000\/svg\" viewBox=\"0 0 448 512\"><path fill=\"currentColor\" d=\"M190.5 66.9l22.2-22.2c9.4-9.4 24.6-9.4 33.9 0L441 239c9.4 9.4 9.4 24.6 0 33.9L246.6 467.3c-9.4 9.4-24.6 9.4-33.9 0l-22.2-22.2c-9.5-9.5-9.3-25 .4-34.3L311.4 296H24c-13.3 0-24-10.7-24-24v-32c0-13.3 10.7-24 24-24h287.4L190.9 101.2c-9.8-9.3-10-24.8-.4-34.3z\"><\/path><\/svg><\/div><span class=\"ugb-button--inner\">pr\u00f3xima aula<\/span><\/a><\/div><\/div><\/div><\/div>\n\n\n\n<p><\/p>\n<\/div><\/div><\/div><\/div><\/div><\/div>\n","protected":false},"excerpt":{"rendered":"<p>aula 1 | REVOLU\u00c7\u00c3O NOS DIAS DE HOJE? Estudaremos aqui: Vivemos atualmente, um mundo em que governos de extrema direita, com as piores caracter\u00edsticas poss\u00edveis &#8211; racistas, homof\u00f3bicos, machistas &#8211; comandam muitos pa\u00edses em todos os continentes. Nesse mundo em que reina s\u00f3lo o sistema capitalista que produz cada vez mais mis\u00e9rias e destrui\u00e7\u00e3o e [&hellip;]<\/p>\n","protected":false},"author":10,"featured_media":3688,"comment_status":"open","ping_status":"open","sticky":false,"template":"","format":"standard","meta":{"footnotes":""},"categories":[12,23],"tags":[61],"class_list":["post-3208","post","type-post","status-publish","format-standard","has-post-thumbnail","hentry","category-aulas","category-cursos","tag-escola-da-juventude-oziel-alves"],"blocksy_meta":{"styles_descriptor":{"styles":{"desktop":"","tablet":"","mobile":""},"google_fonts":[],"version":6}},"featured_image_urls_v2":{"full":["https:\/\/formacaoemmovimento.org.br\/wp-content\/uploads\/2021\/11\/OZIEL-ALVEZ.jpg",1920,446,false],"thumbnail":["https:\/\/formacaoemmovimento.org.br\/wp-content\/uploads\/2021\/11\/OZIEL-ALVEZ-150x150.jpg",150,150,true],"medium":["https:\/\/formacaoemmovimento.org.br\/wp-content\/uploads\/2021\/11\/OZIEL-ALVEZ-300x70.jpg",300,70,true],"medium_large":["https:\/\/formacaoemmovimento.org.br\/wp-content\/uploads\/2021\/11\/OZIEL-ALVEZ-768x178.jpg",768,178,true],"large":["https:\/\/formacaoemmovimento.org.br\/wp-content\/uploads\/2021\/11\/OZIEL-ALVEZ-1024x238.jpg",1024,238,true],"1536x1536":["https:\/\/formacaoemmovimento.org.br\/wp-content\/uploads\/2021\/11\/OZIEL-ALVEZ-1536x357.jpg",1536,357,true],"2048x2048":["https:\/\/formacaoemmovimento.org.br\/wp-content\/uploads\/2021\/11\/OZIEL-ALVEZ.jpg",1920,446,false]},"post_excerpt_stackable_v2":"<p>aula 1 | REVOLU\u00c7\u00c3O NOS DIAS DE HOJE? Estudaremos aqui: Vivemos atualmente, um mundo em que governos de extrema direita, com as piores caracter\u00edsticas poss\u00edveis &#8211; racistas, homof\u00f3bicos, machistas &#8211; comandam muitos pa\u00edses em todos os continentes. Nesse mundo em que reina s\u00f3lo o sistema capitalista que produz cada vez mais mis\u00e9rias e destrui\u00e7\u00e3o e que levou a humanidade a uma crise ambiental, econ\u00f4mica, social e sanit\u00e1ria sem precedentes na hist\u00f3ria, n\u00f3s nos perguntamos:&nbsp;&#8220;\u00e9 poss\u00edvel pensar em revolu\u00e7\u00e3o nos dias de hoje?&#8221;&nbsp;Para fazer uma Revolu\u00e7\u00e3o n\u00e3o basta a vontade dos mais bem intencionados movimentos revolucion\u00e1rios, \u00e9 preciso entender esse fen\u00f4meno&hellip;<\/p>\n","category_list_v2":"<a href=\"https:\/\/formacaoemmovimento.org.br\/?cat=12\" rel=\"category\">Aulas<\/a>, <a href=\"https:\/\/formacaoemmovimento.org.br\/?cat=23\" rel=\"category\">Cursos<\/a>","author_info_v2":{"name":"fernanda costa","url":"https:\/\/formacaoemmovimento.org.br\/?author=10"},"comments_num_v2":"0 coment\u00e1rio","_links":{"self":[{"href":"https:\/\/formacaoemmovimento.org.br\/index.php?rest_route=\/wp\/v2\/posts\/3208","targetHints":{"allow":["GET"]}}],"collection":[{"href":"https:\/\/formacaoemmovimento.org.br\/index.php?rest_route=\/wp\/v2\/posts"}],"about":[{"href":"https:\/\/formacaoemmovimento.org.br\/index.php?rest_route=\/wp\/v2\/types\/post"}],"author":[{"embeddable":true,"href":"https:\/\/formacaoemmovimento.org.br\/index.php?rest_route=\/wp\/v2\/users\/10"}],"replies":[{"embeddable":true,"href":"https:\/\/formacaoemmovimento.org.br\/index.php?rest_route=%2Fwp%2Fv2%2Fcomments&post=3208"}],"version-history":[{"count":20,"href":"https:\/\/formacaoemmovimento.org.br\/index.php?rest_route=\/wp\/v2\/posts\/3208\/revisions"}],"predecessor-version":[{"id":5435,"href":"https:\/\/formacaoemmovimento.org.br\/index.php?rest_route=\/wp\/v2\/posts\/3208\/revisions\/5435"}],"wp:featuredmedia":[{"embeddable":true,"href":"https:\/\/formacaoemmovimento.org.br\/index.php?rest_route=\/wp\/v2\/media\/3688"}],"wp:attachment":[{"href":"https:\/\/formacaoemmovimento.org.br\/index.php?rest_route=%2Fwp%2Fv2%2Fmedia&parent=3208"}],"wp:term":[{"taxonomy":"category","embeddable":true,"href":"https:\/\/formacaoemmovimento.org.br\/index.php?rest_route=%2Fwp%2Fv2%2Fcategories&post=3208"},{"taxonomy":"post_tag","embeddable":true,"href":"https:\/\/formacaoemmovimento.org.br\/index.php?rest_route=%2Fwp%2Fv2%2Ftags&post=3208"}],"curies":[{"name":"wp","href":"https:\/\/api.w.org\/{rel}","templated":true}]}}