{"id":2377,"date":"2021-10-27T15:36:39","date_gmt":"2021-10-27T18:36:39","guid":{"rendered":"https:\/\/formacaoemmovimento.org.br\/?p=2377"},"modified":"2021-12-03T14:42:14","modified_gmt":"2021-12-03T17:42:14","slug":"aula-1-close-e-luta-os-desafios-da-rexistencia-lgbt-em-tempos-de-odios","status":"publish","type":"post","link":"https:\/\/formacaoemmovimento.org.br\/?p=2377","title":{"rendered":"AULA 1 | CLOSE E LUTA: OS DESAFIOS DA (R)EXIST\u00caNCIA LGBT EM TEMPOS DE \u00d3DIOS"},"content":{"rendered":"\n<div class=\"aligncenter wp-block-ugb-container ugb-container ugb-9eef5fb ugb-container--v2 ugb-container--design-plain ugb-main-block\"><style>.ugb-9eef5fb-wrapper > .ugb-container__side{padding-top:35px !important;padding-bottom:35px !important}.ugb-9eef5fb-wrapper.ugb-container__wrapper{padding-top:0 !important;padding-bottom:0 !important}.ugb-9eef5fb .ugb-inner-block{text-align:left}<\/style><div class=\"ugb-inner-block\"><div class=\"ugb-block-content\"><div class=\"ugb-container__wrapper ugb-9eef5fb-wrapper\"><div class=\"ugb-container__side\"><div class=\"ugb-container__content-wrapper ugb-9eef5fb-content-wrapper\">\n<div class=\"wp-block-ugb-heading ugb-heading ugb-d8c678b ugb-main-block\"><div class=\"ugb-inner-block\"><div class=\"ugb-block-content\"><h2 class=\"ugb-heading__title\">aula n 1 | CLOSE E LUTA: OS DESAFIOS DA (R)EXIST\u00caNCIA LGBT EM TEMPOS DE \u00d3DIOS<\/h2><\/div><\/div><\/div>\n\n\n\n<div class=\"wp-block-ugb-heading alignwide ugb-heading ugb-54cbf28 ugb-main-block\"><style>.ugb-54cbf28 .ugb-heading__title{color:var(--theme-palette-color-3,#915656);font-family:\"Anton\",Sans-serif !important;font-size:22px !important;font-weight:700 !important}<\/style><div class=\"ugb-inner-block\"><div class=\"ugb-block-content\"><h3 class=\"ugb-heading__title\"><br>Estudaremos aqui:<\/h3><\/div><\/div><\/div>\n\n\n\n<div class=\"aligncenter wp-block-ugb-icon-list ugb-icon-list ugb-732f6b1 ugb-icon-list--v2 ugb-main-block\"><style>.ugb-732f6b1 li{font-family:\"Roboto\",Sans-serif !important;font-size:19px !important;font-weight:400 !important;color:#030303}.ugb-732f6b1 li::before{background-image:url('data:image\/svg+xml;base64,PHN2ZyBkYXRhLXByZWZpeD0iZmFzIiBkYXRhLWljb249InNxdWFyZSIgY2xhc3M9InN2Zy1pbmxpbmUtLWZhIGZhLXNxdWFyZSBmYS13LTE0IiByb2xlPSJpbWciIHhtbG5zPSJodHRwOi8vd3d3LnczLm9yZy8yMDAwL3N2ZyIgdmlld0JveD0iMCAwIDQ0OCA1MTIiIHN0eWxlPSJmaWxsOiAjMDAwMDAwICFpbXBvcnRhbnQ7IGNvbG9yOiAjMDAwMDAwICFpbXBvcnRhbnQiPjxwYXRoIGZpbGw9IiMwMDAwMDAiIGQ9Ik00MDAgMzJINDhDMjEuNSAzMiAwIDUzLjUgMCA4MHYzNTJjMCAyNi41IDIxLjUgNDggNDggNDhoMzUyYzI2LjUgMCA0OC0yMS41IDQ4LTQ4VjgwYzAtMjYuNS0yMS41LTQ4LTQ4LTQ4eiIgc3Ryb2tlPSIjMDAwMDAwIiBzdHlsZT0iZmlsbDogcmdiKDAsIDAsIDApOyBzdHJva2U6IHJnYigwLCAwLCAwKTsiLz48L3N2Zz4=')}.ugb-732f6b1.ugb-icon-list ul{columns:1}.ugb-732f6b1 .ugb-inner-block{text-align:left}<\/style><div class=\"ugb-inner-block\"><div class=\"ugb-block-content\"><ul><li>Debateremos&nbsp;os desafios da luta LGBT na atualidade em rela\u00e7\u00e3o a democracia, contra o fascismo e a afirma\u00e7\u00e3o das identidades LGBT como identidade pol\u00edtica.<\/li><\/ul><\/div><\/div><\/div>\n\n\n\n<div class=\"wp-block-ugb-heading ugb-heading ugb-251e14d ugb-main-block\"><style>.ugb-251e14d .ugb-heading__title{color:var(--theme-palette-color-3,#915656);font-family:\"Anton\",Sans-serif !important;font-size:22px !important}<\/style><div class=\"ugb-inner-block\"><div class=\"ugb-block-content\"><h3 class=\"ugb-heading__title\">Educadores<\/h3><p class=\"ugb-heading__subtitle\">Com a presen\u00e7a de&nbsp;Symmy Larrat (ABGLT), David Miranda(PSOL), Janaina Oliveira da REDE AFRO LGBT; e com a&nbsp;media\u00e7\u00e3o&nbsp;de&nbsp;D\u00ea Silva (MST\/MT).<\/p><\/div><\/div><\/div>\n\n\n\n<p><\/p>\n\n\n\n<div class=\"wp-block-ugb-heading alignwide ugb-heading ugb-a29a9fe ugb-main-block\"><style>.ugb-a29a9fe .ugb-heading__title{color:var(--theme-palette-color-3,#915656);font-family:\"Anton\",Sans-serif !important;font-size:22px !important;font-weight:700 !important}<\/style><div class=\"ugb-inner-block\"><div class=\"ugb-block-content\"><h3 class=\"ugb-heading__title\"><br>Assista a aula :<\/h3><\/div><\/div><\/div>\n\n\n\n<div class=\"aligncenter wp-block-ugb-video-popup ugb-video-popup ugb-c4d3fcf ugb-video-popup--v3 ugb-main-block\"><style>.ugb-c4d3fcf .ugb-video-popup__wrapper{background-color:#000000;background-image:url(https:\/\/formacaoemmovimento.org.br\/wp-content\/uploads\/2021\/10\/bitmap.png)}.ugb-c4d3fcf .ugb-video-popup__wrapper:before{background-color:#000000;opacity:0.5}.ugb-c4d3fcf .ugb-video-popup__wrapper:hover:before{opacity:0.2}@media screen and (min-width:768px){.ugb-c4d3fcf.ugb-video-popup{margin-top:50px !important;margin-right:100px !important;margin-left:100px !important;padding-right:150px !important;padding-left:150px !important}}<\/style><div class=\"ugb-inner-block\"><div class=\"ugb-block-content\"><div class=\"ugb-video-popup__wrapper ugb--has-background-overlay\" data-video=\"fE0OKuHPm-M\"><button class=\"ugb-video-popup__overlay\" aria-label=\"Play\"><span class=\"ugb-video-popup__play-button\"><svg xmlns=\"http:\/\/www.w3.org\/2000\/svg\" viewbox=\"0 0 256 320\" class=\"ugb-play-button-normal\" width=\"30\" height=\"30\"><path d=\"M0 0v320l256-160L0 0z\"><\/path><\/svg><\/span><\/button><\/div><\/div><\/div><\/div>\n\n\n\n<div class=\"wp-block-ugb-heading alignwide ugb-heading ugb-ba31b79 ugb-main-block\"><style>.ugb-ba31b79 .ugb-heading__title{color:var(--theme-palette-color-3,#915656);font-family:\"Anton\",Sans-serif !important;font-size:21px !important;font-weight:700 !important}<\/style><div class=\"ugb-inner-block\"><div class=\"ugb-block-content\"><h3 class=\"ugb-heading__title\"><br>Material de apoio:<\/h3><\/div><\/div><\/div>\n\n\n\n<div class=\"wp-block-ugb-heading alignwide ugb-heading ugb-a231e19 ugb-main-block\"><style>.ugb-a231e19 .ugb-heading__title{color:var(--theme-palette-color-3,#915656);font-family:\"Anton\",Sans-serif !important;font-size:21px !important;font-weight:700 !important}.ugb-a231e19 .ugb-heading__subtitle{font-family:\"Roboto\",Sans-serif !important;color:var(--theme-palette-color-3,#915656)}<\/style><div class=\"ugb-inner-block\"><div class=\"ugb-block-content\"><h3 class=\"ugb-heading__title\"><br>Material Complementar:<\/h3><p class=\"ugb-heading__subtitle\">Clique sobre as refer\u00eancias para acessar os textos.<\/p><\/div><\/div><\/div>\n\n\n\n<div class=\"aligncenter wp-block-ugb-icon-list ugb-icon-list ugb-fd46a78 ugb-icon-list--v2 ugb-main-block\"><style>.ugb-fd46a78 li{font-family:\"Roboto\",Sans-serif !important;font-size:19px !important;font-weight:400 !important;color:#030303}.ugb-fd46a78 li::before{background-image:url('data:image\/svg+xml;base64,PHN2ZyBkYXRhLXByZWZpeD0iZmFzIiBkYXRhLWljb249InNxdWFyZSIgY2xhc3M9InN2Zy1pbmxpbmUtLWZhIGZhLXNxdWFyZSBmYS13LTE0IiByb2xlPSJpbWciIHhtbG5zPSJodHRwOi8vd3d3LnczLm9yZy8yMDAwL3N2ZyIgdmlld0JveD0iMCAwIDQ0OCA1MTIiIHN0eWxlPSJmaWxsOiAjMDAwMDAwICFpbXBvcnRhbnQ7IGNvbG9yOiAjMDAwMDAwICFpbXBvcnRhbnQiPjxwYXRoIGZpbGw9IiMwMDAwMDAiIGQ9Ik00MDAgMzJINDhDMjEuNSAzMiAwIDUzLjUgMCA4MHYzNTJjMCAyNi41IDIxLjUgNDggNDggNDhoMzUyYzI2LjUgMCA0OC0yMS41IDQ4LTQ4VjgwYzAtMjYuNS0yMS41LTQ4LTQ4LTQ4eiIgc3Ryb2tlPSIjMDAwMDAwIiBzdHlsZT0iZmlsbDogcmdiKDAsIDAsIDApOyBzdHJva2U6IHJnYigwLCAwLCAwKTsiLz48L3N2Zz4=')}.ugb-fd46a78 li:nth-child(1):before{background-image:url('data:image\/svg+xml;base64,PHN2ZyBkYXRhLXByZWZpeD0iZmFyIiBkYXRhLWljb249ImZpbGUtYWx0IiBjbGFzcz0ic3ZnLWlubGluZS0tZmEgZmEtZmlsZS1hbHQgZmEtdy0xMiIgcm9sZT0iaW1nIiB4bWxucz0iaHR0cDovL3d3dy53My5vcmcvMjAwMC9zdmciIHZpZXdCb3g9IjAgMCAzODQgNTEyIiBzdHlsZT0iZmlsbDogIzAwMDAwMCAhaW1wb3J0YW50OyBjb2xvcjogIzAwMDAwMCAhaW1wb3J0YW50Ij48cGF0aCBmaWxsPSIjMDAwMDAwIiBkPSJNMjg4IDI0OHYyOGMwIDYuNi01LjQgMTItMTIgMTJIMTA4Yy02LjYgMC0xMi01LjQtMTItMTJ2LTI4YzAtNi42IDUuNC0xMiAxMi0xMmgxNjhjNi42IDAgMTIgNS40IDEyIDEyem0tMTIgNzJIMTA4Yy02LjYgMC0xMiA1LjQtMTIgMTJ2MjhjMCA2LjYgNS40IDEyIDEyIDEyaDE2OGM2LjYgMCAxMi01LjQgMTItMTJ2LTI4YzAtNi42LTUuNC0xMi0xMi0xMnptMTA4LTE4OC4xVjQ2NGMwIDI2LjUtMjEuNSA0OC00OCA0OEg0OGMtMjYuNSAwLTQ4LTIxLjUtNDgtNDhWNDhDMCAyMS41IDIxLjUgMCA0OCAwaDIwNC4xQzI2NC44IDAgMjc3IDUuMSAyODYgMTQuMUwzNjkuOSA5OGM5IDguOSAxNC4xIDIxLjIgMTQuMSAzMy45em0tMTI4LTgwVjEyOGg3Ni4xTDI1NiA1MS45ek0zMzYgNDY0VjE3NkgyMzJjLTEzLjMgMC0yNC0xMC43LTI0LTI0VjQ4SDQ4djQxNmgyODh6IiBzdHJva2U9IiMwMDAwMDAiIHN0eWxlPSJmaWxsOiByZ2IoMCwgMCwgMCk7IHN0cm9rZTogcmdiKDAsIDAsIDApOyIvPjwvc3ZnPg==')}.ugb-fd46a78 li:nth-child(2):before{background-image:url('data:image\/svg+xml;base64,PHN2ZyBkYXRhLXByZWZpeD0iZmFyIiBkYXRhLWljb249ImZpbGUtYWx0IiBjbGFzcz0ic3ZnLWlubGluZS0tZmEgZmEtZmlsZS1hbHQgZmEtdy0xMiIgcm9sZT0iaW1nIiB4bWxucz0iaHR0cDovL3d3dy53My5vcmcvMjAwMC9zdmciIHZpZXdCb3g9IjAgMCAzODQgNTEyIiBzdHlsZT0iZmlsbDogIzAwMDAwMCAhaW1wb3J0YW50OyBjb2xvcjogIzAwMDAwMCAhaW1wb3J0YW50Ij48cGF0aCBmaWxsPSIjMDAwMDAwIiBkPSJNMjg4IDI0OHYyOGMwIDYuNi01LjQgMTItMTIgMTJIMTA4Yy02LjYgMC0xMi01LjQtMTItMTJ2LTI4YzAtNi42IDUuNC0xMiAxMi0xMmgxNjhjNi42IDAgMTIgNS40IDEyIDEyem0tMTIgNzJIMTA4Yy02LjYgMC0xMiA1LjQtMTIgMTJ2MjhjMCA2LjYgNS40IDEyIDEyIDEyaDE2OGM2LjYgMCAxMi01LjQgMTItMTJ2LTI4YzAtNi42LTUuNC0xMi0xMi0xMnptMTA4LTE4OC4xVjQ2NGMwIDI2LjUtMjEuNSA0OC00OCA0OEg0OGMtMjYuNSAwLTQ4LTIxLjUtNDgtNDhWNDhDMCAyMS41IDIxLjUgMCA0OCAwaDIwNC4xQzI2NC44IDAgMjc3IDUuMSAyODYgMTQuMUwzNjkuOSA5OGM5IDguOSAxNC4xIDIxLjIgMTQuMSAzMy45em0tMTI4LTgwVjEyOGg3Ni4xTDI1NiA1MS45ek0zMzYgNDY0VjE3NkgyMzJjLTEzLjMgMC0yNC0xMC43LTI0LTI0VjQ4SDQ4djQxNmgyODh6IiBzdHJva2U9IiMwMDAwMDAiIHN0eWxlPSJmaWxsOiByZ2IoMCwgMCwgMCk7IHN0cm9rZTogcmdiKDAsIDAsIDApOyIvPjwvc3ZnPg==')}.ugb-fd46a78 li:nth-child(3):before{background-image:url('data:image\/svg+xml;base64,PHN2ZyBkYXRhLXByZWZpeD0iZmFyIiBkYXRhLWljb249ImZpbGUtYWx0IiBjbGFzcz0ic3ZnLWlubGluZS0tZmEgZmEtZmlsZS1hbHQgZmEtdy0xMiIgcm9sZT0iaW1nIiB4bWxucz0iaHR0cDovL3d3dy53My5vcmcvMjAwMC9zdmciIHZpZXdCb3g9IjAgMCAzODQgNTEyIiBzdHlsZT0iZmlsbDogIzAwMDAwMCAhaW1wb3J0YW50OyBjb2xvcjogIzAwMDAwMCAhaW1wb3J0YW50Ij48cGF0aCBmaWxsPSIjMDAwMDAwIiBkPSJNMjg4IDI0OHYyOGMwIDYuNi01LjQgMTItMTIgMTJIMTA4Yy02LjYgMC0xMi01LjQtMTItMTJ2LTI4YzAtNi42IDUuNC0xMiAxMi0xMmgxNjhjNi42IDAgMTIgNS40IDEyIDEyem0tMTIgNzJIMTA4Yy02LjYgMC0xMiA1LjQtMTIgMTJ2MjhjMCA2LjYgNS40IDEyIDEyIDEyaDE2OGM2LjYgMCAxMi01LjQgMTItMTJ2LTI4YzAtNi42LTUuNC0xMi0xMi0xMnptMTA4LTE4OC4xVjQ2NGMwIDI2LjUtMjEuNSA0OC00OCA0OEg0OGMtMjYuNSAwLTQ4LTIxLjUtNDgtNDhWNDhDMCAyMS41IDIxLjUgMCA0OCAwaDIwNC4xQzI2NC44IDAgMjc3IDUuMSAyODYgMTQuMUwzNjkuOSA5OGM5IDguOSAxNC4xIDIxLjIgMTQuMSAzMy45em0tMTI4LTgwVjEyOGg3Ni4xTDI1NiA1MS45ek0zMzYgNDY0VjE3NkgyMzJjLTEzLjMgMC0yNC0xMC43LTI0LTI0VjQ4SDQ4djQxNmgyODh6IiBzdHJva2U9IiMwMDAwMDAiIHN0eWxlPSJmaWxsOiByZ2IoMCwgMCwgMCk7IHN0cm9rZTogcmdiKDAsIDAsIDApOyIvPjwvc3ZnPg==')}.ugb-fd46a78.ugb-icon-list ul{columns:1}.ugb-fd46a78 .ugb-inner-block{text-align:left}<\/style><div class=\"ugb-inner-block\"><div class=\"ugb-block-content\"><ul><li><a href=\"https:\/\/mst.org.br\/2020\/06\/19\/dia-do-orgulho-lgbti-e-os-desafios-na-atualidade\/\" data-type=\"URL\" data-id=\"https:\/\/mst.org.br\/2020\/06\/19\/dia-do-orgulho-lgbti-e-os-desafios-na-atualidade\/\">CONSOLE, Luciana G.&nbsp;<strong>O orgulho LGBTI+ e os desafios diante da pandemia: nenhum passo atr\u00e1s!<\/strong><\/a><\/li><\/ul><\/div><\/div><\/div>\n\n\n\n<div class=\"wp-block-stackable-image stk-block-image stk-block stk-3ca6a6c\" data-block-id=\"3ca6a6c\"><style>.stk-3ca6a6c .stk-img-wrapper{width:36% !important;height:318px !important}<\/style><figure class=\"stk-img-wrapper stk-image--shape-stretch\"><img loading=\"lazy\" decoding=\"async\" class=\"stk-img wp-image-2378\" src=\"https:\/\/formacaoemmovimento.org.br\/wp-content\/uploads\/2021\/10\/PMG1.jpg\" width=\"512\" height=\"341\" srcset=\"https:\/\/formacaoemmovimento.org.br\/wp-content\/uploads\/2021\/10\/PMG1.jpg 512w, https:\/\/formacaoemmovimento.org.br\/wp-content\/uploads\/2021\/10\/PMG1-300x200.jpg 300w\" sizes=\"auto, (max-width: 512px) 100vw, 512px\" \/><\/figure><\/div>\n\n\n\n<div class=\"alignfull wp-block-ugb-button ugb-button-wrapper ugb-de17e43 ugb-button--design-spread ugb-main-block\"><style>.ugb-de17e43 .ugb-button1 .ugb-button--inner{font-family:\"Antic\",Sans-serif !important}.ugb-de17e43 .ugb-button1{background-color:#9b0606;padding-right:51px;padding-left:51px}.ugb-de17e43 .ugb-button1 .ugb-button--inner,.ugb-de17e43 .ugb-button1 svg:not(.ugb-custom-icon){color:var(--theme-palette-color-7,#f8f9fb) !important}.ugb-de17e43 .ugb-button2 .ugb-button--inner{font-family:\"Antic\",Sans-serif !important}.ugb-de17e43 .ugb-button2{background-color:#9b0606}.ugb-de17e43 .ugb-button2 .ugb-button--inner,.ugb-de17e43 .ugb-button2 svg:not(.ugb-custom-icon){color:var(--theme-palette-color-7,#f8f9fb) !important}<\/style><div class=\"ugb-inner-block\"><div class=\"ugb-block-content\"><div class=\"ugb-button-container\"><a class=\"ugb-button1 ugb-button ugb-button--size-normal ugb-button--has-icon\" href=\"https:\/\/formacaoemmovimento.org.br\/?page_id=2341\" rel=\"\" title=\"\"><div class=\"ugb-icon-inner-svg\"><svg data-prefix=\"fas\" data-icon=\"arrow-left\" class=\"svg-inline--fa fa-arrow-left fa-w-14\" role=\"img\" xmlns=\"http:\/\/www.w3.org\/2000\/svg\" viewBox=\"0 0 448 512\"><path fill=\"currentColor\" d=\"M257.5 445.1l-22.2 22.2c-9.4 9.4-24.6 9.4-33.9 0L7 273c-9.4-9.4-9.4-24.6 0-33.9L201.4 44.7c9.4-9.4 24.6-9.4 33.9 0l22.2 22.2c9.5 9.5 9.3 25-.4 34.3L136.6 216H424c13.3 0 24 10.7 24 24v32c0 13.3-10.7 24-24 24H136.6l120.5 114.8c9.8 9.3 10 24.8.4 34.3z\"><\/path><\/svg><\/div><span class=\"ugb-button--inner\">inicio<\/span><\/a><\/div><div class=\"ugb-button-container\"><a class=\"ugb-button2 ugb-button ugb-button--size-normal ugb-button--has-icon ugb-button--icon-position-right\" href=\"https:\/\/formacaoemmovimento.org.br\/?p=2383\" rel=\"\" title=\"\"><div class=\"ugb-icon-inner-svg\"><svg data-prefix=\"fas\" data-icon=\"arrow-right\" class=\"svg-inline--fa fa-arrow-right fa-w-14\" role=\"img\" xmlns=\"http:\/\/www.w3.org\/2000\/svg\" viewBox=\"0 0 448 512\"><path fill=\"currentColor\" d=\"M190.5 66.9l22.2-22.2c9.4-9.4 24.6-9.4 33.9 0L441 239c9.4 9.4 9.4 24.6 0 33.9L246.6 467.3c-9.4 9.4-24.6 9.4-33.9 0l-22.2-22.2c-9.5-9.5-9.3-25 .4-34.3L311.4 296H24c-13.3 0-24-10.7-24-24v-32c0-13.3 10.7-24 24-24h287.4L190.9 101.2c-9.8-9.3-10-24.8-.4-34.3z\"><\/path><\/svg><\/div><span class=\"ugb-button--inner\">pr\u00f3xima aula<\/span><\/a><\/div><\/div><\/div><\/div>\n\n\n\n<p><\/p>\n<\/div><\/div><\/div><\/div><\/div><\/div>\n","protected":false},"excerpt":{"rendered":"<p>aula n 1 | CLOSE E LUTA: OS DESAFIOS DA (R)EXIST\u00caNCIA LGBT EM TEMPOS DE \u00d3DIOS Estudaremos aqui: Debateremos&nbsp;os desafios da luta LGBT na atualidade em rela\u00e7\u00e3o a democracia, contra o fascismo e a afirma\u00e7\u00e3o das identidades LGBT como identidade pol\u00edtica. Educadores Com a presen\u00e7a de&nbsp;Symmy Larrat (ABGLT), David Miranda(PSOL), Janaina Oliveira da REDE AFRO [&hellip;]<\/p>\n","protected":false},"author":10,"featured_media":2810,"comment_status":"open","ping_status":"open","sticky":false,"template":"","format":"standard","meta":{"footnotes":""},"categories":[12,23],"tags":[47],"class_list":["post-2377","post","type-post","status-publish","format-standard","has-post-thumbnail","hentry","category-aulas","category-cursos","tag-diversidade-sexual"],"blocksy_meta":{"styles_descriptor":{"styles":{"desktop":"","tablet":"","mobile":""},"google_fonts":[],"version":6}},"featured_image_urls_v2":{"full":["https:\/\/formacaoemmovimento.org.br\/wp-content\/uploads\/2021\/11\/DIVERSIDADE_SEXUAL.png",1920,447,false],"thumbnail":["https:\/\/formacaoemmovimento.org.br\/wp-content\/uploads\/2021\/11\/DIVERSIDADE_SEXUAL-150x150.png",150,150,true],"medium":["https:\/\/formacaoemmovimento.org.br\/wp-content\/uploads\/2021\/11\/DIVERSIDADE_SEXUAL-300x70.png",300,70,true],"medium_large":["https:\/\/formacaoemmovimento.org.br\/wp-content\/uploads\/2021\/11\/DIVERSIDADE_SEXUAL-768x179.png",768,179,true],"large":["https:\/\/formacaoemmovimento.org.br\/wp-content\/uploads\/2021\/11\/DIVERSIDADE_SEXUAL-1024x238.png",1024,238,true],"1536x1536":["https:\/\/formacaoemmovimento.org.br\/wp-content\/uploads\/2021\/11\/DIVERSIDADE_SEXUAL-1536x358.png",1536,358,true],"2048x2048":["https:\/\/formacaoemmovimento.org.br\/wp-content\/uploads\/2021\/11\/DIVERSIDADE_SEXUAL.png",1920,447,false]},"post_excerpt_stackable_v2":"<p>aula n 1 | CLOSE E LUTA: OS DESAFIOS DA (R)EXIST\u00caNCIA LGBT EM TEMPOS DE \u00d3DIOS Estudaremos aqui: Debateremos&nbsp;os desafios da luta LGBT na atualidade em rela\u00e7\u00e3o a democracia, contra o fascismo e a afirma\u00e7\u00e3o das identidades LGBT como identidade pol\u00edtica. EducadoresCom a presen\u00e7a de&nbsp;Symmy Larrat (ABGLT), David Miranda(PSOL), Janaina Oliveira da REDE AFRO LGBT; e com a&nbsp;media\u00e7\u00e3o&nbsp;de&nbsp;D\u00ea Silva (MST\/MT). Assista a aula : Material de apoio: Material Complementar:Clique sobre as refer\u00eancias para acessar os textos. CONSOLE, Luciana G.&nbsp;O orgulho LGBTI+ e os desafios diante da pandemia: nenhum passo atr\u00e1s! iniciopr\u00f3xima aula<\/p>\n","category_list_v2":"<a href=\"https:\/\/formacaoemmovimento.org.br\/?cat=12\" rel=\"category\">Aulas<\/a>, <a href=\"https:\/\/formacaoemmovimento.org.br\/?cat=23\" rel=\"category\">Cursos<\/a>","author_info_v2":{"name":"fernanda costa","url":"https:\/\/formacaoemmovimento.org.br\/?author=10"},"comments_num_v2":"0 coment\u00e1rio","_links":{"self":[{"href":"https:\/\/formacaoemmovimento.org.br\/index.php?rest_route=\/wp\/v2\/posts\/2377","targetHints":{"allow":["GET"]}}],"collection":[{"href":"https:\/\/formacaoemmovimento.org.br\/index.php?rest_route=\/wp\/v2\/posts"}],"about":[{"href":"https:\/\/formacaoemmovimento.org.br\/index.php?rest_route=\/wp\/v2\/types\/post"}],"author":[{"embeddable":true,"href":"https:\/\/formacaoemmovimento.org.br\/index.php?rest_route=\/wp\/v2\/users\/10"}],"replies":[{"embeddable":true,"href":"https:\/\/formacaoemmovimento.org.br\/index.php?rest_route=%2Fwp%2Fv2%2Fcomments&post=2377"}],"version-history":[{"count":7,"href":"https:\/\/formacaoemmovimento.org.br\/index.php?rest_route=\/wp\/v2\/posts\/2377\/revisions"}],"predecessor-version":[{"id":3857,"href":"https:\/\/formacaoemmovimento.org.br\/index.php?rest_route=\/wp\/v2\/posts\/2377\/revisions\/3857"}],"wp:featuredmedia":[{"embeddable":true,"href":"https:\/\/formacaoemmovimento.org.br\/index.php?rest_route=\/wp\/v2\/media\/2810"}],"wp:attachment":[{"href":"https:\/\/formacaoemmovimento.org.br\/index.php?rest_route=%2Fwp%2Fv2%2Fmedia&parent=2377"}],"wp:term":[{"taxonomy":"category","embeddable":true,"href":"https:\/\/formacaoemmovimento.org.br\/index.php?rest_route=%2Fwp%2Fv2%2Fcategories&post=2377"},{"taxonomy":"post_tag","embeddable":true,"href":"https:\/\/formacaoemmovimento.org.br\/index.php?rest_route=%2Fwp%2Fv2%2Ftags&post=2377"}],"curies":[{"name":"wp","href":"https:\/\/api.w.org\/{rel}","templated":true}]}}