{"id":2316,"date":"2021-10-25T15:57:57","date_gmt":"2021-10-25T18:57:57","guid":{"rendered":"https:\/\/formacaoemmovimento.org.br\/?p=2316"},"modified":"2021-12-30T17:31:45","modified_gmt":"2021-12-30T20:31:45","slug":"aula-1-introducao-apresentando-as-ideias","status":"publish","type":"post","link":"https:\/\/formacaoemmovimento.org.br\/?p=2316","title":{"rendered":"Aula 1 | Introdu\u00e7\u00e3o : Apresentando as ideias"},"content":{"rendered":"\n<div class=\"aligncenter wp-block-ugb-container ugb-container ugb-9eef5fb ugb-container--v2 ugb-container--design-plain ugb-main-block\"><style>.ugb-9eef5fb-wrapper > .ugb-container__side{padding-top:35px !important;padding-bottom:35px !important}.ugb-9eef5fb-wrapper.ugb-container__wrapper{padding-top:0 !important;padding-bottom:0 !important}.ugb-9eef5fb .ugb-inner-block{text-align:left}<\/style><div class=\"ugb-inner-block\"><div class=\"ugb-block-content\"><div class=\"ugb-container__wrapper ugb-9eef5fb-wrapper\"><div class=\"ugb-container__side\"><div class=\"ugb-container__content-wrapper ugb-9eef5fb-content-wrapper\">\n<div class=\"wp-block-ugb-heading ugb-heading ugb-d8c678b ugb-main-block\"><div class=\"ugb-inner-block\"><div class=\"ugb-block-content\"><h2 class=\"ugb-heading__title\">Aula 1 | Introdu\u00e7\u00e3o : Apresentando as ideias<\/h2><\/div><\/div><\/div>\n\n\n\n<div class=\"wp-block-ugb-heading alignwide ugb-heading ugb-54cbf28 ugb-main-block\"><style>.ugb-54cbf28 .ugb-heading__title{color:var(--theme-palette-color-3,#915656);font-family:\"Anton\",Sans-serif !important;font-size:22px !important;font-weight:700 !important}<\/style><div class=\"ugb-inner-block\"><div class=\"ugb-block-content\"><h3 class=\"ugb-heading__title\"><br>Introdu\u00e7\u00e3o:<\/h3><\/div><\/div><\/div>\n\n\n\n<div class=\"wp-block-ugb-text ugb-text ugb-4595210 ugb-text--design-plain ugb-text--columns-1 ugb-main-block\"><div class=\"ugb-inner-block\"><div class=\"ugb-block-content\"><div class=\"ugb-text__text-wrapper\"><div class=\"ugb-text__text\"><p class=\"ugb-text__text-1\">Dentre todas as batalhas que estamos travando nesse momento hist\u00f3rico, uma das fundamentais \u00e9 a batalha pela vida. Ali\u00e1s esta \u00e9 travada todo dia, hora a hora, simplesmente para nos mantermos vivos. Esse \u00e9 um pressuposto fundamental de toda a exist\u00eancia humana nos lembrou Marx. Mas al\u00e9m de lutar cotidianamente para poder comer, vestir, ter um teto, sabemos que \u00e9 preciso um mont\u00e3o de outras coisas mais. O conhecimento \u00e9 uma delas. Por isso estamos chegando at\u00e9 voc\u00ea para que possa aproveitar esse tempo e al\u00e9m de desenvolver a\u00e7\u00f5es de solidariedade, tamb\u00e9m para estudar.<br>Nesta tarefa de estudar os pensadores cl\u00e1ssicos, queremos propor um breve roteiro para conhecer mais sobre o pensamento do italiano Ant\u00f4nio Gramsci. Inseri-lo num esfor\u00e7o de renova\u00e7\u00e3o do debate pol\u00edtico no Brasil, resgatando e tornando contempor\u00e2neo este pensador que tanto desafia nossas pr\u00e1ticas. Em um momento de acirrada conjuntura e de crise generalizada, torna-se essencial o estudo das elabora\u00e7\u00f5es gramscianas, elabora\u00e7\u00f5es estas de uma atualidade radical. Exemplo cl\u00e1ssico dessa radicalidade \u00e9 a recusa de uma vis\u00e3o puramente instrumental do Estado, que, ao reduzi-lo \u00e0 pura \u201cvontade dos dominantes\u201d, n\u00e3o permite captar o complexo jogo das contradi\u00e7\u00f5es que vivemos na atualidade.<br>No breve roteiro que preparamos, n\u00e3o se trata de uma biografia de Gramsci, j\u00e1 dispon\u00edvel em v\u00e1rios sites, mas sim do debate e import\u00e2ncia das categorias de nosso pensador para entender o nosso presente hist\u00f3rico e os desafios que ele encerra. Entender Gramsci e suas elabora\u00e7\u00f5es te\u00f3ricas \u00e9 parte das batalhas ideol\u00f3gicas que nos s\u00e3os exigidas enfrentar atualmente.<br>Os roteiros, assim como os demais materiais preparados nessa p\u00e1gina, podem ser utilizados livremente para criar grupos de estudos, c\u00edrculos de leituras e debates sobre a atualidade. Acreditamos que \u00e9 o tempo de preparar o esp\u00edrito cr\u00edtico generalizado em nossa sociedade para avan\u00e7armos nas grandes transforma\u00e7\u00f5es sociais, pol\u00edticas, culturais de nosso pais.<\/p><\/div><\/div><\/div><\/div><\/div>\n\n\n\n<div class=\"wp-block-ugb-heading ugb-heading ugb-251e14d ugb-main-block\"><style>.ugb-251e14d .ugb-heading__title{color:var(--theme-palette-color-3,#915656);font-family:\"Anton\",Sans-serif !important;font-size:22px !important}<\/style><div class=\"ugb-inner-block\"><div class=\"ugb-block-content\"><h3 class=\"ugb-heading__title\">Educadores<\/h3><\/div><\/div><\/div>\n\n\n\n<div class=\"wp-block-ugb-icon-list ugb-icon-list ugb-177e1c2 ugb-icon-list--v2 ugb-main-block\"><style>.ugb-177e1c2 li::before{background-image:url('data:image\/svg+xml;base64,PHN2ZyBkYXRhLXByZWZpeD0iZmFzIiBkYXRhLWljb249InNxdWFyZSIgY2xhc3M9InN2Zy1pbmxpbmUtLWZhIGZhLXNxdWFyZSBmYS13LTE0IiByb2xlPSJpbWciIHhtbG5zPSJodHRwOi8vd3d3LnczLm9yZy8yMDAwL3N2ZyIgdmlld0JveD0iMCAwIDQ0OCA1MTIiPjxwYXRoIGZpbGw9ImN1cnJlbnRDb2xvciIgZD0iTTQwMCAzMkg0OEMyMS41IDMyIDAgNTMuNSAwIDgwdjM1MmMwIDI2LjUgMjEuNSA0OCA0OCA0OGgzNTJjMjYuNSAwIDQ4LTIxLjUgNDgtNDhWODBjMC0yNi41LTIxLjUtNDgtNDgtNDh6Ii8+PC9zdmc+')}.ugb-177e1c2.ugb-icon-list ul{columns:1}<\/style><div class=\"ugb-inner-block\"><div class=\"ugb-block-content\"><ul><li>prof\u00aa Cristina Bezera<\/li><li>prof\u00aa Marcelo Melo<\/li><li>prof\u00aa Demian<\/li><\/ul><\/div><\/div><\/div>\n\n\n\n<p><\/p>\n\n\n\n<div class=\"wp-block-ugb-heading alignwide ugb-heading ugb-a29a9fe ugb-main-block\"><style>.ugb-a29a9fe .ugb-heading__title{color:var(--theme-palette-color-3,#915656);font-family:\"Anton\",Sans-serif !important;font-size:22px !important;font-weight:700 !important}<\/style><div class=\"ugb-inner-block\"><div class=\"ugb-block-content\"><h3 class=\"ugb-heading__title\"><br>Assista a aula Introdutoria :<\/h3><\/div><\/div><\/div>\n\n\n\n<div class=\"aligncenter wp-block-ugb-video-popup ugb-video-popup ugb-c4d3fcf ugb-video-popup--v3 ugb-main-block\"><style>.ugb-c4d3fcf .ugb-video-popup__wrapper{background-color:#000000;background-image:url(https:\/\/formacaoemmovimento.org.br\/wp-content\/uploads\/2021\/10\/bitmap.png)}.ugb-c4d3fcf .ugb-video-popup__wrapper:before{background-color:#000000;opacity:0.5}.ugb-c4d3fcf .ugb-video-popup__wrapper:hover:before{opacity:0.2}@media screen and (min-width:768px){.ugb-c4d3fcf.ugb-video-popup{margin-top:50px !important;margin-right:100px !important;margin-left:100px !important;padding-right:150px !important;padding-left:150px !important}}<\/style><div class=\"ugb-inner-block\"><div class=\"ugb-block-content\"><div class=\"ugb-video-popup__wrapper ugb--has-background-overlay\" data-video=\"https:\/\/drive.google.com\/file\/d\/1qi45VBFviR-a5GrH7jaP6l4KNwdtOqdW\/view\"><button class=\"ugb-video-popup__overlay\" aria-label=\"Play\"><span class=\"ugb-video-popup__play-button\"><svg xmlns=\"http:\/\/www.w3.org\/2000\/svg\" viewbox=\"0 0 256 320\" class=\"ugb-play-button-normal\" width=\"30\" height=\"30\"><path d=\"M0 0v320l256-160L0 0z\"><\/path><\/svg><\/span><\/button><\/div><\/div><\/div><\/div>\n\n\n\n<div class=\"alignfull wp-block-ugb-button ugb-button-wrapper ugb-de17e43 ugb-button--design-spread ugb-main-block\"><style>.ugb-de17e43 .ugb-button1 .ugb-button--inner{font-family:\"Antic\",Sans-serif !important}.ugb-de17e43 .ugb-button1{background-color:#9b0606;padding-right:51px;padding-left:51px}.ugb-de17e43 .ugb-button1 .ugb-button--inner,.ugb-de17e43 .ugb-button1 svg:not(.ugb-custom-icon){color:var(--theme-palette-color-7,#f8f9fb) !important}.ugb-de17e43 .ugb-button2 .ugb-button--inner{font-family:\"Antic\",Sans-serif !important}.ugb-de17e43 .ugb-button2{background-color:#9b0606}.ugb-de17e43 .ugb-button2 .ugb-button--inner,.ugb-de17e43 .ugb-button2 svg:not(.ugb-custom-icon){color:var(--theme-palette-color-7,#f8f9fb) !important}<\/style><div class=\"ugb-inner-block\"><div class=\"ugb-block-content\"><div class=\"ugb-button-container\"><a class=\"ugb-button1 ugb-button ugb-button--size-normal ugb-button--has-icon\" href=\"https:\/\/formacaoemmovimento.org.br\/?page_id=2311\" rel=\"\" title=\"\"><div class=\"ugb-icon-inner-svg\"><svg data-prefix=\"fas\" data-icon=\"arrow-left\" class=\"svg-inline--fa fa-arrow-left fa-w-14\" role=\"img\" xmlns=\"http:\/\/www.w3.org\/2000\/svg\" viewBox=\"0 0 448 512\"><path fill=\"currentColor\" d=\"M257.5 445.1l-22.2 22.2c-9.4 9.4-24.6 9.4-33.9 0L7 273c-9.4-9.4-9.4-24.6 0-33.9L201.4 44.7c9.4-9.4 24.6-9.4 33.9 0l22.2 22.2c9.5 9.5 9.3 25-.4 34.3L136.6 216H424c13.3 0 24 10.7 24 24v32c0 13.3-10.7 24-24 24H136.6l120.5 114.8c9.8 9.3 10 24.8.4 34.3z\"><\/path><\/svg><\/div><span class=\"ugb-button--inner\">aula anterior<\/span><\/a><\/div><div class=\"ugb-button-container\"><a class=\"ugb-button2 ugb-button ugb-button--size-normal ugb-button--has-icon ugb-button--icon-position-right\" href=\"https:\/\/formacaoemmovimento.org.br\/?p=4507\" rel=\"\" title=\"\"><div class=\"ugb-icon-inner-svg\"><svg data-prefix=\"fas\" data-icon=\"arrow-right\" class=\"svg-inline--fa fa-arrow-right fa-w-14\" role=\"img\" xmlns=\"http:\/\/www.w3.org\/2000\/svg\" viewBox=\"0 0 448 512\"><path fill=\"currentColor\" d=\"M190.5 66.9l22.2-22.2c9.4-9.4 24.6-9.4 33.9 0L441 239c9.4 9.4 9.4 24.6 0 33.9L246.6 467.3c-9.4 9.4-24.6 9.4-33.9 0l-22.2-22.2c-9.5-9.5-9.3-25 .4-34.3L311.4 296H24c-13.3 0-24-10.7-24-24v-32c0-13.3 10.7-24 24-24h287.4L190.9 101.2c-9.8-9.3-10-24.8-.4-34.3z\"><\/path><\/svg><\/div><span class=\"ugb-button--inner\">pr\u00f3xima aula<\/span><\/a><\/div><\/div><\/div><\/div>\n\n\n\n<p><\/p>\n<\/div><\/div><\/div><\/div><\/div><\/div>\n","protected":false},"excerpt":{"rendered":"<p>Aula 1 | Introdu\u00e7\u00e3o : Apresentando as ideias Introdu\u00e7\u00e3o: Dentre todas as batalhas que estamos travando nesse momento hist\u00f3rico, uma das fundamentais \u00e9 a batalha pela vida. Ali\u00e1s esta \u00e9 travada todo dia, hora a hora, simplesmente para nos mantermos vivos. Esse \u00e9 um pressuposto fundamental de toda a exist\u00eancia humana nos lembrou Marx. Mas [&hellip;]<\/p>\n","protected":false},"author":7,"featured_media":4599,"comment_status":"open","ping_status":"open","sticky":false,"template":"","format":"standard","meta":{"footnotes":""},"categories":[12,23],"tags":[45],"class_list":["post-2316","post","type-post","status-publish","format-standard","has-post-thumbnail","hentry","category-aulas","category-cursos","tag-antonio-gramisci"],"blocksy_meta":{"styles_descriptor":{"styles":{"desktop":"","tablet":"","mobile":""},"google_fonts":[],"version":6}},"featured_image_urls_v2":{"full":["https:\/\/formacaoemmovimento.org.br\/wp-content\/uploads\/2021\/12\/GRAMSCI.jpg",1920,446,false],"thumbnail":["https:\/\/formacaoemmovimento.org.br\/wp-content\/uploads\/2021\/12\/GRAMSCI-150x150.jpg",150,150,true],"medium":["https:\/\/formacaoemmovimento.org.br\/wp-content\/uploads\/2021\/12\/GRAMSCI-300x70.jpg",300,70,true],"medium_large":["https:\/\/formacaoemmovimento.org.br\/wp-content\/uploads\/2021\/12\/GRAMSCI-768x178.jpg",768,178,true],"large":["https:\/\/formacaoemmovimento.org.br\/wp-content\/uploads\/2021\/12\/GRAMSCI-1024x238.jpg",1024,238,true],"1536x1536":["https:\/\/formacaoemmovimento.org.br\/wp-content\/uploads\/2021\/12\/GRAMSCI-1536x357.jpg",1536,357,true],"2048x2048":["https:\/\/formacaoemmovimento.org.br\/wp-content\/uploads\/2021\/12\/GRAMSCI.jpg",1920,446,false]},"post_excerpt_stackable_v2":"<p>Aula 1 | Introdu\u00e7\u00e3o : Apresentando as ideias Introdu\u00e7\u00e3o: Dentre todas as batalhas que estamos travando nesse momento hist\u00f3rico, uma das fundamentais \u00e9 a batalha pela vida. Ali\u00e1s esta \u00e9 travada todo dia, hora a hora, simplesmente para nos mantermos vivos. Esse \u00e9 um pressuposto fundamental de toda a exist\u00eancia humana nos lembrou Marx. Mas al\u00e9m de lutar cotidianamente para poder comer, vestir, ter um teto, sabemos que \u00e9 preciso um mont\u00e3o de outras coisas mais. O conhecimento \u00e9 uma delas. Por isso estamos chegando at\u00e9 voc\u00ea para que possa aproveitar esse tempo e al\u00e9m de desenvolver a\u00e7\u00f5es de solidariedade,&hellip;<\/p>\n","category_list_v2":"<a href=\"https:\/\/formacaoemmovimento.org.br\/?cat=12\" rel=\"category\">Aulas<\/a>, <a href=\"https:\/\/formacaoemmovimento.org.br\/?cat=23\" rel=\"category\">Cursos<\/a>","author_info_v2":{"name":"Jo\u00e3oVitor","url":"https:\/\/formacaoemmovimento.org.br\/?author=7"},"comments_num_v2":"1 coment\u00e1rio","_links":{"self":[{"href":"https:\/\/formacaoemmovimento.org.br\/index.php?rest_route=\/wp\/v2\/posts\/2316","targetHints":{"allow":["GET"]}}],"collection":[{"href":"https:\/\/formacaoemmovimento.org.br\/index.php?rest_route=\/wp\/v2\/posts"}],"about":[{"href":"https:\/\/formacaoemmovimento.org.br\/index.php?rest_route=\/wp\/v2\/types\/post"}],"author":[{"embeddable":true,"href":"https:\/\/formacaoemmovimento.org.br\/index.php?rest_route=\/wp\/v2\/users\/7"}],"replies":[{"embeddable":true,"href":"https:\/\/formacaoemmovimento.org.br\/index.php?rest_route=%2Fwp%2Fv2%2Fcomments&post=2316"}],"version-history":[{"count":5,"href":"https:\/\/formacaoemmovimento.org.br\/index.php?rest_route=\/wp\/v2\/posts\/2316\/revisions"}],"predecessor-version":[{"id":4613,"href":"https:\/\/formacaoemmovimento.org.br\/index.php?rest_route=\/wp\/v2\/posts\/2316\/revisions\/4613"}],"wp:featuredmedia":[{"embeddable":true,"href":"https:\/\/formacaoemmovimento.org.br\/index.php?rest_route=\/wp\/v2\/media\/4599"}],"wp:attachment":[{"href":"https:\/\/formacaoemmovimento.org.br\/index.php?rest_route=%2Fwp%2Fv2%2Fmedia&parent=2316"}],"wp:term":[{"taxonomy":"category","embeddable":true,"href":"https:\/\/formacaoemmovimento.org.br\/index.php?rest_route=%2Fwp%2Fv2%2Fcategories&post=2316"},{"taxonomy":"post_tag","embeddable":true,"href":"https:\/\/formacaoemmovimento.org.br\/index.php?rest_route=%2Fwp%2Fv2%2Ftags&post=2316"}],"curies":[{"name":"wp","href":"https:\/\/api.w.org\/{rel}","templated":true}]}}