{"id":1177,"date":"2021-06-29T17:24:17","date_gmt":"2021-06-29T20:24:17","guid":{"rendered":"https:\/\/formacaoemmovimento.org.br\/?p=1177"},"modified":"2022-10-17T11:07:36","modified_gmt":"2022-10-17T14:07:36","slug":"aula1-analise-de-conjuntura","status":"publish","type":"post","link":"https:\/\/formacaoemmovimento.org.br\/?p=1177","title":{"rendered":"Aula 1 | An\u00e1lise de Conjuntura agr\u00e1ria e ambiental"},"content":{"rendered":"\n<div class=\"aligncenter wp-block-ugb-container ugb-container ugb-78d2242 ugb-container--v2 ugb-container--design-plain ugb-main-block\"><style>.ugb-78d2242-wrapper > .ugb-container__side{padding-top:35px !important;padding-bottom:35px !important}.ugb-78d2242-wrapper.ugb-container__wrapper{padding-top:0 !important;padding-bottom:0 !important}.ugb-78d2242 .ugb-inner-block{text-align:left}<\/style><div class=\"ugb-inner-block\"><div class=\"ugb-block-content\"><div class=\"ugb-container__wrapper ugb-78d2242-wrapper\"><div class=\"ugb-container__side\"><div class=\"ugb-container__content-wrapper ugb-78d2242-content-wrapper\">\n<div class=\"wp-block-ugb-heading ugb-heading ugb-d8c678b ugb-main-block\"><div class=\"ugb-inner-block\"><div class=\"ugb-block-content\"><h2 class=\"ugb-heading__title\">Aula 1 | An\u00e1lise de Conjuntura agr\u00e1ria e ambiental<\/h2><\/div><\/div><\/div>\n\n\n\n<div class=\"wp-block-ugb-heading alignwide ugb-heading ugb-54cbf28 ugb-main-block\"><style>.ugb-54cbf28 .ugb-heading__title{color:var(--theme-palette-color-3,#915656);font-family:\"Anton\",Sans-serif !important;font-size:22px !important;font-weight:700 !important}<\/style><div class=\"ugb-inner-block\"><div class=\"ugb-block-content\"><h3 class=\"ugb-heading__title\"><br>Estudaremos aqui:<\/h3><\/div><\/div><\/div>\n\n\n\n<div class=\"aligncenter wp-block-ugb-icon-list ugb-icon-list ugb-732f6b1 ugb-icon-list--v2 ugb-main-block\"><style>.ugb-732f6b1 li{font-family:\"Roboto\",Sans-serif !important;font-size:19px !important;font-weight:400 !important;color:#030303}.ugb-732f6b1 li::before{background-image:url('data:image\/svg+xml;base64,PHN2ZyBkYXRhLXByZWZpeD0iZmFzIiBkYXRhLWljb249InNxdWFyZSIgY2xhc3M9InN2Zy1pbmxpbmUtLWZhIGZhLXNxdWFyZSBmYS13LTE0IiByb2xlPSJpbWciIHhtbG5zPSJodHRwOi8vd3d3LnczLm9yZy8yMDAwL3N2ZyIgdmlld0JveD0iMCAwIDQ0OCA1MTIiIHN0eWxlPSJmaWxsOiAjMDAwMDAwICFpbXBvcnRhbnQ7IGNvbG9yOiAjMDAwMDAwICFpbXBvcnRhbnQiPjxwYXRoIGZpbGw9IiMwMDAwMDAiIGQ9Ik00MDAgMzJINDhDMjEuNSAzMiAwIDUzLjUgMCA4MHYzNTJjMCAyNi41IDIxLjUgNDggNDggNDhoMzUyYzI2LjUgMCA0OC0yMS41IDQ4LTQ4VjgwYzAtMjYuNS0yMS41LTQ4LTQ4LTQ4eiIgc3Ryb2tlPSIjMDAwMDAwIiBzdHlsZT0iZmlsbDogcmdiKDAsIDAsIDApOyBzdHJva2U6IHJnYigwLCAwLCAwKTsiLz48L3N2Zz4=')}.ugb-732f6b1.ugb-icon-list ul{columns:1}.ugb-732f6b1 .ugb-inner-block{text-align:left}<\/style><div class=\"ugb-inner-block\"><div class=\"ugb-block-content\"><ul><li>Compreender a atual conjuntura pol\u00edtica, enfatizando a crise do sistema capitalista e suas implica\u00e7\u00f5es na dimens\u00e3o ambiental. Analisar os impactos dessa crise no campo e na cidade e apontar sa\u00eddas para supera\u00e7\u00e3o. Assista \u00e0 videoaula abaixo, e n\u00e3o deixe de ler o &#8220;Material de Apoio&#8221; e as instru\u00e7\u00f5es para &#8220;Tempo Comunidade&#8221;:<\/li><\/ul><\/div><\/div><\/div>\n\n\n\n<div class=\"wp-block-ugb-heading ugb-heading ugb-251e14d ugb-main-block\"><style>.ugb-251e14d .ugb-heading__title{color:var(--theme-palette-color-3,#915656);font-family:\"Anton\",Sans-serif !important;font-size:22px !important}<\/style><div class=\"ugb-inner-block\"><div class=\"ugb-block-content\"><h3 class=\"ugb-heading__title\">Educadores<\/h3><p class=\"ugb-heading__subtitle\">Larissa Parker, advogada socioambiental da equipe GRAIN Brasil. <br>Kelli Mafort, Coordena\u00e7\u00e3o Nacional do MST.<br><\/p><\/div><\/div><\/div>\n\n\n\n<p><\/p>\n\n\n\n<div class=\"wp-block-ugb-heading alignwide ugb-heading ugb-4ac95e6 ugb-main-block\"><style>.ugb-4ac95e6 .ugb-heading__title{color:var(--theme-palette-color-3,#915656);font-family:\"Anton\",Sans-serif !important;font-size:22px !important;font-weight:700 !important}<\/style><div class=\"ugb-inner-block\"><div class=\"ugb-block-content\"><h3 class=\"ugb-heading__title\"><br>Assista a aula :<\/h3><\/div><\/div><\/div>\n\n\n\n<div class=\"aligncenter wp-block-ugb-video-popup ugb-video-popup ugb-09c0cdc ugb-video-popup--v3 ugb-main-block\"><style>.ugb-09c0cdc .ugb-video-popup__wrapper{background-color:#000000;background-image:url(https:\/\/formacaoemmovimento.org.br\/wp-content\/uploads\/2021\/10\/bitmap.png)}.ugb-09c0cdc .ugb-video-popup__wrapper:before{background-color:#000000;opacity:0.5}.ugb-09c0cdc .ugb-video-popup__wrapper:hover:before{opacity:0.2}@media screen and (min-width:768px){.ugb-09c0cdc.ugb-video-popup{margin-top:50px !important;margin-right:100px !important;margin-left:100px !important;padding-right:150px !important;padding-left:150px !important}}<\/style><div class=\"ugb-inner-block\"><div class=\"ugb-block-content\"><div class=\"ugb-video-popup__wrapper ugb--has-background-overlay\" data-video=\"LkJBzfSHo00\"><button class=\"ugb-video-popup__overlay\" aria-label=\"Play\"><span class=\"ugb-video-popup__play-button\"><svg xmlns=\"http:\/\/www.w3.org\/2000\/svg\" viewBox=\"0 0 256 320\" class=\"ugb-play-button-normal\" width=\"30\" height=\"30\"><path d=\"M0 0v320l256-160L0 0z\"><\/path><\/svg><\/span><\/button><\/div><\/div><\/div><\/div>\n\n\n\n<div class=\"wp-block-ugb-container ugb-container ugb-1a658ef ugb-container--v2 ugb-container--design-basic ugb-main-block\"><div class=\"ugb-inner-block\"><div class=\"ugb-block-content\"><div class=\"ugb-container__wrapper ugb-1a658ef-wrapper\"><div class=\"ugb-container__side\"><div class=\"ugb-container__content-wrapper ugb-1a658ef-content-wrapper\">\n<div class=\"wp-block-ugb-heading ugb-heading ugb-ef77bd9 ugb-main-block\"><style>.ugb-ef77bd9 .ugb-heading__title{color:var(--theme-palette-color-3,#915656);font-family:\"Anton\",Sans-serif !important;font-size:21px !important}<\/style><div class=\"ugb-inner-block\"><div class=\"ugb-block-content\"><h3 class=\"ugb-heading__title\">Material Complementar<\/h3><\/div><\/div><\/div>\n\n\n\n<p><\/p>\n\n\n\n<div class=\"wp-block-ugb-icon-list ugb-icon-list ugb-9c82c3c ugb-icon-list--v2 ugb-main-block\"><style>.ugb-9c82c3c li{font-family:\"Roboto\",Sans-serif !important;font-size:19px !important;color:var(--theme-palette-color-6,#000000)}.ugb-9c82c3c li::before{background-image:url('data:image\/svg+xml;base64,PHN2ZyBkYXRhLXByZWZpeD0iZmFyIiBkYXRhLWljb249ImZpbGUtYWx0IiBjbGFzcz0ic3ZnLWlubGluZS0tZmEgZmEtZmlsZS1hbHQgZmEtdy0xMiIgcm9sZT0iaW1nIiB4bWxucz0iaHR0cDovL3d3dy53My5vcmcvMjAwMC9zdmciIHZpZXdCb3g9IjAgMCAzODQgNTEyIiBzdHlsZT0iZmlsbDogIzkxNTY1NiAhaW1wb3J0YW50OyBjb2xvcjogIzkxNTY1NiAhaW1wb3J0YW50Ij48cGF0aCBmaWxsPSIjOTE1NjU2IiBkPSJNMjg4IDI0OHYyOGMwIDYuNi01LjQgMTItMTIgMTJIMTA4Yy02LjYgMC0xMi01LjQtMTItMTJ2LTI4YzAtNi42IDUuNC0xMiAxMi0xMmgxNjhjNi42IDAgMTIgNS40IDEyIDEyem0tMTIgNzJIMTA4Yy02LjYgMC0xMiA1LjQtMTIgMTJ2MjhjMCA2LjYgNS40IDEyIDEyIDEyaDE2OGM2LjYgMCAxMi01LjQgMTItMTJ2LTI4YzAtNi42LTUuNC0xMi0xMi0xMnptMTA4LTE4OC4xVjQ2NGMwIDI2LjUtMjEuNSA0OC00OCA0OEg0OGMtMjYuNSAwLTQ4LTIxLjUtNDgtNDhWNDhDMCAyMS41IDIxLjUgMCA0OCAwaDIwNC4xQzI2NC44IDAgMjc3IDUuMSAyODYgMTQuMUwzNjkuOSA5OGM5IDguOSAxNC4xIDIxLjIgMTQuMSAzMy45em0tMTI4LTgwVjEyOGg3Ni4xTDI1NiA1MS45ek0zMzYgNDY0VjE3NkgyMzJjLTEzLjMgMC0yNC0xMC43LTI0LTI0VjQ4SDQ4djQxNmgyODh6IiBzdHJva2U9IiM5MTU2NTYiIHN0eWxlPSJmaWxsOiByZ2IoMTQ1LCA4NiwgODYpOyBzdHJva2U6IHJnYigxNDUsIDg2LCA4Nik7Ii8+PC9zdmc+')}.ugb-9c82c3c.ugb-icon-list ul{columns:1}<\/style><div class=\"ugb-inner-block\"><div class=\"ugb-block-content\"><ul><li><a href=\"https:\/\/drive.google.com\/file\/d\/1dpw-4RAaocks56nvtqyg9A9vCsNAv2pq\/view\" data-type=\"URL\" data-id=\"https:\/\/drive.google.com\/file\/d\/1dpw-4RAaocks56nvtqyg9A9vCsNAv2pq\/view\">Caderno de Forma\u00e7\u00e3o n\u00ba 53 <strong><strong>&#8211; \u201cA luta de classes no campo e a luta por Reforma Agr\u00e1ria Popular\u201d<\/strong><\/strong> &#8211; <em>Ler at\u00e9 a p\u00e1gina a 26<\/em><\/a><\/li><li><a href=\"https:\/\/drive.google.com\/file\/d\/127JzVKDyvf5opZPSbFIufJjbGCQ4Cs9j\/view\">Orienta\u00e7\u00f5es para tempo comunidade<\/a><\/li><\/ul><\/div><\/div><\/div>\n<\/div><\/div><\/div><\/div><\/div><\/div>\n\n\n\n<div class=\"alignfull wp-block-ugb-button ugb-button-wrapper ugb-0b32434 ugb-button--design-spread ugb-main-block\"><style>.ugb-0b32434 .ugb-button1 .ugb-button--inner{font-family:\"Antic\",Sans-serif !important}.ugb-0b32434 .ugb-button1{background-color:#9b0606;padding-right:51px;padding-left:51px}.ugb-0b32434 .ugb-button1 .ugb-button--inner,.ugb-0b32434 .ugb-button1 svg:not(.ugb-custom-icon){color:var(--theme-palette-color-7,#f8f9fb) !important}.ugb-0b32434 .ugb-button2 .ugb-button--inner{font-family:\"Antic\",Sans-serif !important}.ugb-0b32434 .ugb-button2{background-color:#9b0606}.ugb-0b32434 .ugb-button2 .ugb-button--inner,.ugb-0b32434 .ugb-button2 svg:not(.ugb-custom-icon){color:var(--theme-palette-color-7,#f8f9fb) !important}<\/style><div class=\"ugb-inner-block\"><div class=\"ugb-block-content\"><div class=\"ugb-button-container\"><a class=\"ugb-button1 ugb-button ugb-button--size-normal ugb-button--has-icon\" href=\"https:\/\/formacaoemmovimento.org.br\/?page_id=1167\" rel=\"\" title=\"\"><div class=\"ugb-icon-inner-svg\"><svg data-prefix=\"fas\" data-icon=\"arrow-left\" class=\"svg-inline--fa fa-arrow-left fa-w-14\" role=\"img\" xmlns=\"http:\/\/www.w3.org\/2000\/svg\" viewBox=\"0 0 448 512\"><path fill=\"currentColor\" d=\"M257.5 445.1l-22.2 22.2c-9.4 9.4-24.6 9.4-33.9 0L7 273c-9.4-9.4-9.4-24.6 0-33.9L201.4 44.7c9.4-9.4 24.6-9.4 33.9 0l22.2 22.2c9.5 9.5 9.3 25-.4 34.3L136.6 216H424c13.3 0 24 10.7 24 24v32c0 13.3-10.7 24-24 24H136.6l120.5 114.8c9.8 9.3 10 24.8.4 34.3z\"><\/path><\/svg><\/div><span class=\"ugb-button--inner\">aula anterior<\/span><\/a><\/div><div class=\"ugb-button-container\"><a class=\"ugb-button2 ugb-button ugb-button--size-normal ugb-button--has-icon ugb-button--icon-position-right\" href=\"https:\/\/formacaoemmovimento.org.br\/?p=1180\" rel=\"\" title=\"\"><div class=\"ugb-icon-inner-svg\"><svg data-prefix=\"fas\" data-icon=\"arrow-right\" class=\"svg-inline--fa fa-arrow-right fa-w-14\" role=\"img\" xmlns=\"http:\/\/www.w3.org\/2000\/svg\" viewBox=\"0 0 448 512\"><path fill=\"currentColor\" d=\"M190.5 66.9l22.2-22.2c9.4-9.4 24.6-9.4 33.9 0L441 239c9.4 9.4 9.4 24.6 0 33.9L246.6 467.3c-9.4 9.4-24.6 9.4-33.9 0l-22.2-22.2c-9.5-9.5-9.3-25 .4-34.3L311.4 296H24c-13.3 0-24-10.7-24-24v-32c0-13.3 10.7-24 24-24h287.4L190.9 101.2c-9.8-9.3-10-24.8-.4-34.3z\"><\/path><\/svg><\/div><span class=\"ugb-button--inner\">pr\u00f3xima aula<\/span><\/a><\/div><\/div><\/div><\/div>\n\n\n\n<p><\/p>\n<\/div><\/div><\/div><\/div><\/div><\/div>\n","protected":false},"excerpt":{"rendered":"<p>Aula 1 | An\u00e1lise de Conjuntura agr\u00e1ria e ambiental Estudaremos aqui: Compreender a atual conjuntura pol\u00edtica, enfatizando a crise do sistema capitalista e suas implica\u00e7\u00f5es na dimens\u00e3o ambiental. Analisar os impactos dessa crise no campo e na cidade e apontar sa\u00eddas para supera\u00e7\u00e3o. Assista \u00e0 videoaula abaixo, e n\u00e3o deixe de ler o &#8220;Material de [&hellip;]<\/p>\n","protected":false},"author":7,"featured_media":5216,"comment_status":"open","ping_status":"open","sticky":false,"template":"","format":"standard","meta":{"footnotes":""},"categories":[12,8],"tags":[18],"class_list":["post-1177","post","type-post","status-publish","format-standard","has-post-thumbnail","hentry","category-aulas","category-cursos-andamento","tag-plantar-arvores"],"blocksy_meta":{"styles_descriptor":{"styles":{"desktop":"","tablet":"","mobile":""},"google_fonts":[],"version":6}},"featured_image_urls_v2":{"full":["https:\/\/formacaoemmovimento.org.br\/wp-content\/uploads\/2022\/10\/curso-plantar-arvores.jpg",1290,300,false],"thumbnail":["https:\/\/formacaoemmovimento.org.br\/wp-content\/uploads\/2022\/10\/curso-plantar-arvores-150x150.jpg",150,150,true],"medium":["https:\/\/formacaoemmovimento.org.br\/wp-content\/uploads\/2022\/10\/curso-plantar-arvores-300x70.jpg",300,70,true],"medium_large":["https:\/\/formacaoemmovimento.org.br\/wp-content\/uploads\/2022\/10\/curso-plantar-arvores-768x179.jpg",768,179,true],"large":["https:\/\/formacaoemmovimento.org.br\/wp-content\/uploads\/2022\/10\/curso-plantar-arvores-1024x238.jpg",1024,238,true],"1536x1536":["https:\/\/formacaoemmovimento.org.br\/wp-content\/uploads\/2022\/10\/curso-plantar-arvores.jpg",1290,300,false],"2048x2048":["https:\/\/formacaoemmovimento.org.br\/wp-content\/uploads\/2022\/10\/curso-plantar-arvores.jpg",1290,300,false]},"post_excerpt_stackable_v2":"<p>Aula 1 | An\u00e1lise de Conjuntura agr\u00e1ria e ambiental Estudaremos aqui: Compreender a atual conjuntura pol\u00edtica, enfatizando a crise do sistema capitalista e suas implica\u00e7\u00f5es na dimens\u00e3o ambiental. Analisar os impactos dessa crise no campo e na cidade e apontar sa\u00eddas para supera\u00e7\u00e3o. Assista \u00e0 videoaula abaixo, e n\u00e3o deixe de ler o &#8220;Material de Apoio&#8221; e as instru\u00e7\u00f5es para &#8220;Tempo Comunidade&#8221;: EducadoresLarissa Parker, advogada socioambiental da equipe GRAIN Brasil. Kelli Mafort, Coordena\u00e7\u00e3o Nacional do MST. Assista a aula : Material Complementar Caderno de Forma\u00e7\u00e3o n\u00ba 53 &#8211; \u201cA luta de classes no campo e a luta por Reforma Agr\u00e1ria&hellip;<\/p>\n","category_list_v2":"<a href=\"https:\/\/formacaoemmovimento.org.br\/?cat=12\" rel=\"category\">Aulas<\/a>, <a href=\"https:\/\/formacaoemmovimento.org.br\/?cat=8\" rel=\"category\">Cursos em andamento<\/a>","author_info_v2":{"name":"Jo\u00e3oVitor","url":"https:\/\/formacaoemmovimento.org.br\/?author=7"},"comments_num_v2":"0 coment\u00e1rio","_links":{"self":[{"href":"https:\/\/formacaoemmovimento.org.br\/index.php?rest_route=\/wp\/v2\/posts\/1177","targetHints":{"allow":["GET"]}}],"collection":[{"href":"https:\/\/formacaoemmovimento.org.br\/index.php?rest_route=\/wp\/v2\/posts"}],"about":[{"href":"https:\/\/formacaoemmovimento.org.br\/index.php?rest_route=\/wp\/v2\/types\/post"}],"author":[{"embeddable":true,"href":"https:\/\/formacaoemmovimento.org.br\/index.php?rest_route=\/wp\/v2\/users\/7"}],"replies":[{"embeddable":true,"href":"https:\/\/formacaoemmovimento.org.br\/index.php?rest_route=%2Fwp%2Fv2%2Fcomments&post=1177"}],"version-history":[{"count":11,"href":"https:\/\/formacaoemmovimento.org.br\/index.php?rest_route=\/wp\/v2\/posts\/1177\/revisions"}],"predecessor-version":[{"id":5260,"href":"https:\/\/formacaoemmovimento.org.br\/index.php?rest_route=\/wp\/v2\/posts\/1177\/revisions\/5260"}],"wp:featuredmedia":[{"embeddable":true,"href":"https:\/\/formacaoemmovimento.org.br\/index.php?rest_route=\/wp\/v2\/media\/5216"}],"wp:attachment":[{"href":"https:\/\/formacaoemmovimento.org.br\/index.php?rest_route=%2Fwp%2Fv2%2Fmedia&parent=1177"}],"wp:term":[{"taxonomy":"category","embeddable":true,"href":"https:\/\/formacaoemmovimento.org.br\/index.php?rest_route=%2Fwp%2Fv2%2Fcategories&post=1177"},{"taxonomy":"post_tag","embeddable":true,"href":"https:\/\/formacaoemmovimento.org.br\/index.php?rest_route=%2Fwp%2Fv2%2Ftags&post=1177"}],"curies":[{"name":"wp","href":"https:\/\/api.w.org\/{rel}","templated":true}]}}